{"id":7263,"date":"2023-11-03T01:08:30","date_gmt":"2023-11-03T00:08:30","guid":{"rendered":"https:\/\/starsforeurope.com\/se\/?post_type=press&#038;p=7263"},"modified":"2025-08-25T14:09:16","modified_gmt":"2025-08-25T12:09:16","slug":"basta-mojliga-skotsel-av-julstjarnor-fargprakt-langt-in-pa-det-nya-aret","status":"publish","type":"press","link":"https:\/\/starsforeurope.com\/se\/press\/basta-mojliga-skotsel-av-julstjarnor-fargprakt-langt-in-pa-det-nya-aret\/","title":{"rendered":"B\u00e4sta m\u00f6jliga sk\u00f6tsel av julstj\u00e4rnor. F\u00e4rgprakt l\u00e5ngt in p\u00e5 det nya \u00e5ret"},"content":{"rendered":"<div class=\"wp-block-columns is-layout-flex wp-container-core-columns-is-layout-28f84493 wp-block-columns-is-layout-flex\">\r\n<div class=\"wp-block-column is-layout-flow wp-block-column-is-layout-flow\">\r\n<p>Stockholm, November 2023. Om du tar hand om dina julstj\u00e4rnor p\u00e5 r\u00e4tt s\u00e4tt kan du njuta av dem i m\u00e5nga m\u00e5nader fram\u00f6ver. Deras magnifika h\u00f6gblad, som finns i m\u00e5nga f\u00e4rger, former och storlekar, s\u00e4tter en distinkt pr\u00e4gel i alla rum och skapar en mysig k\u00e4nsla under gr\u00e5 h\u00f6st- och vinterdagar. Experterna p\u00e5 Stars for Europe (SfE) kan knepen f\u00f6r att h\u00e5lla dina julstj\u00e4rnor friska och starka s\u00e5 att de beh\u00e5ller sina lysande f\u00e4rger l\u00e5ngt in p\u00e5 det nya \u00e5ret.<\/p>\r\n\r\n\r\n\r\n<div class=\"wp-block-columns is-layout-flex wp-container-core-columns-is-layout-28f84493 wp-block-columns-is-layout-flex\">\r\n<div class=\"wp-block-column is-layout-flow wp-block-column-is-layout-flow\">\r\n<h2 class=\"wp-block-heading\">K\u00f6p v\u00e4xter med st\u00f6rst chans att klara sig<\/h2>\r\n\r\n\r\n\r\n<p>Den vilda formen av v\u00e5ra julstj\u00e4rnor har sitt ursprung i Mexiko. I det tropiska klimatet i detta centralamerikanska land v\u00e4xer de till meterh\u00f6ga buskar. Dagens framodlade sorter har kvar sitt ursprungliga behov av ljus och v\u00e4rme. M\u00f6rker, drag och kyla \u00e4r f\u00f6r\u00f6dande f\u00f6r julstj\u00e4rnor. S\u00e5 redan n\u00e4r du k\u00f6per dem, se till att v\u00e4xterna st\u00e5r p\u00e5 en l\u00e4mplig plats. Julstj\u00e4rnor som placeras i ett m\u00f6rkt h\u00f6rn av en butik, ett dragigt entr\u00e9omr\u00e5de eller utomhus i temperaturer under 15\u00b0C tappar vanligtvis sina blad inom n\u00e5gra dagar och d\u00f6r ofta kort d\u00e4refter. <br \/><br \/>Du kan k\u00e4nna igen en frisk julstj\u00e4rna med st\u00f6rst chans till ett l\u00e5ngt liv p\u00e5 dess kraftiga och t\u00e4ta blad som inte har n\u00e5gra skador och knoppande gulgr\u00f6na blommor i mitten av de f\u00e4rgade h\u00f6gbladen. Jorden ska varken vara uttorkad eller genombl\u00f6t. Experterna p\u00e5 SfE avr\u00e5der ocks\u00e5 fr\u00e5n att k\u00f6pa glittrade v\u00e4xter. Hur vackert det \u00e4n m\u00e5 vara, s\u00e5 \u00e4r det inte bra varken f\u00f6r julstj\u00e4rnorna eller v\u00e5r milj\u00f6.<\/p>\r\n<\/div>\r\n<\/div>\r\n\r\n\r\n\r\n<div class=\"wp-block-columns is-layout-flex wp-container-core-columns-is-layout-28f84493 wp-block-columns-is-layout-flex\">\r\n<div class=\"wp-block-column is-layout-flow wp-block-column-is-layout-flow\">\r\n<h2 class=\"wp-block-heading\">Sl\u00e5 in och g\u00e5 snabbt hem<\/h2>\r\n\r\n\r\n\r\n<p>Efter k\u00f6pet, sl\u00e5 in din julstj\u00e4rna v\u00e4l och ta hem den snabbt. De flesta aff\u00e4rer som s\u00e4ljer v\u00e4xer erbjuder gratis omslagspapper f\u00f6r att skydda dina v\u00e4xter under transport. Gl\u00f6m inte att anv\u00e4nda dig av detta vid utomhustemperaturer under 15\u00b0C. \u00c4ven vid h\u00f6gre temperaturer skyddas inslagna julstj\u00e4rnor ocks\u00e5 fr\u00e5n drag. Ju fler lager papper du lindar runt din v\u00e4xt desto b\u00e4ttre skyddar du den. Vid minusgrader linda \u00e4ven in krukan eftersom varken den eller jorden ger tillr\u00e4ckligt skydd f\u00f6r de k\u00e4nsliga r\u00f6tterna. <br \/><br \/>Om du transporterar din julstj\u00e4rna i bilen, undvik l\u00e5nga stopp under frostiga dagar. Utan v\u00e4rme i bilden blir det snabbt f\u00f6r kallt\u2013 och inte ens v\u00e4l inlindade v\u00e4xter \u00f6verlever detta en l\u00e4ngre stund.<\/p>\r\n<\/div>\r\n<\/div>\r\n\r\n\r\n\r\n<div class=\"wp-block-columns is-layout-flex wp-container-core-columns-is-layout-28f84493 wp-block-columns-is-layout-flex\">\r\n<div class=\"wp-block-column is-layout-flow wp-block-column-is-layout-flow\">\r\n<h2 class=\"wp-block-heading\">V\u00e4nj din v\u00e4xt l\u00e5ngsamt vid den nya temperaturen i sin omgivning<\/h2>\r\n\r\n\r\n\r\n<p>&nbsp;<\/p>\r\n<div class=\"ce-bodytext\">N\u00e4r du kommer hem tar du bort omslaget fr\u00e5n din julstj\u00e4rna. F\u00f6r att g\u00f6ra \u00f6verg\u00e5ngen fr\u00e5n kallt till varmt s\u00e5 stressfri som m\u00f6jligt f\u00f6r v\u00e4xten \u00e4r det b\u00e4st att inte flytta den direkt till ett varmt rum. Om m\u00f6jlig kan julstj\u00e4rnan f\u00f6rst st\u00e5 i ett n\u00e5got svalare men ljust rum f\u00f6r att acklimatisera sig i lugn och ro. Flytta den sedan till sin slutliga plats efter n\u00e5gra timmar.<\/div>\r\n<\/div>\r\n<\/div>\r\n\r\n\r\n\r\n<div class=\"wp-block-columns is-layout-flex wp-container-core-columns-is-layout-28f84493 wp-block-columns-is-layout-flex\">\r\n<div class=\"wp-block-column is-layout-flow wp-block-column-is-layout-flow\">\r\n<h2 class=\"wp-block-heading\">V\u00e4lj en l\u00e4mplig plats<\/h2>\r\n\r\n\r\n\r\n<p>Den perfekta platsen \u00e4r ljus, varm och skyddad fr\u00e5n drag och stora temperaturf\u00f6r\u00e4ndringar. Till exempel \u00e4r en plats bredvid ytterd\u00f6rren inte l\u00e4mplig. Den idealiska rumstemperaturen \u00e4r mellan 15-22\u00b0C. I princip \u00e4r det inget fel att placera sin julstj\u00e4rna bredvid ett v\u00e4lisolerat f\u00f6nster. Det \u00e4r dock viktigt att flytta den till en skyddad plats n\u00e4r du v\u00e4drar s\u00e5 att den inte blir utsatt f\u00f6r drag. Julstj\u00e4rnor gillar det varmt, men inte f\u00f6r varmt. En plats bredvid ett element eller en spis \u00e4r inte idealisk, eftersom julstj\u00e4rnor reagerar l\u00e4tt p\u00e5 h\u00f6ga temperaturer genom att tappa sina blad. I grund och botten, ju varmare det \u00e4r, desto mer vatten beh\u00f6ver v\u00e4xten.<\/p>\r\n<\/div>\r\n<\/div>\r\n\r\n\r\n\r\n<div class=\"wp-block-columns is-layout-flex wp-container-core-columns-is-layout-28f84493 wp-block-columns-is-layout-flex\">\r\n<div class=\"wp-block-column is-layout-flow wp-block-column-is-layout-flow\">\r\n<h2 class=\"wp-block-heading\">Vattna m\u00e5ttligt och regelbundet<\/h2>\r\n\r\n\r\n\r\n<p>Julstj\u00e4rnor t\u00e5l l\u00e4tt torka b\u00e4ttre \u00e4n f\u00f6r mycket fukt. F\u00f6rst n\u00e4r \u00f6versta jorden har torkat \u00e4r det dags att vattna. Insidan av rotklumpen ska aldrig torka ut. Det \u00e4r om\u00f6jligt att ge ett exakt svar p\u00e5 hur ofta man b\u00f6r vattna. F\u00f6rutom temperatur i rummet och luftfuktighet \u00e4r till exempel krukans storlek ocks\u00e5 en viktig faktor. Minijulstj\u00e4rnor i 6 cm krukor beh\u00f6ver vattnas oftare \u00e4n v\u00e4xter i 12-13 cm krukor p\u00e5 grund av mindre jordvolym. <br \/><br \/>Julstj\u00e4rnor kan vattnas uppifr\u00e5n, underifr\u00e5n eller genom neds\u00e4nkning. Anv\u00e4nd helst alltid rumstempererat vatten. Vid vattning uppifr\u00e5n, ge sm\u00e5 m\u00e4ngder, varannan till var tredje dag tills rotklumpen \u00e4r j\u00e4mnt fuktig utan att vara helt genombl\u00f6t. N\u00e4r du vattnar underifr\u00e5n, h\u00e4ll vattnet i ytterkrukan eller p\u00e5 fatet. Jorden kommer att absorbera s\u00e5 mycket som julstj\u00e4rnan beh\u00f6ver. Forts\u00e4tt att tills\u00e4tta vatten tills rotklumpen \u00e4r genombl\u00f6t och v\u00e4tskan ligger kvar i fatet. Slutligen kan du \u00e4ven s\u00e4nka ner den n\u00e4stan torra rotklumpen i vatten helt tills vattnet slutar bubbla. Lyft sedan snabbt upp julstj\u00e4rnan, l\u00e5t den rinna av och s\u00e4tt tillbaka plantan i krukan, g\u00f6r detta cirka en g\u00e5ng i veckan. Med alla tre metoder \u00e4r det viktigt att h\u00e4lla bort \u00f6verfl\u00f6digt vatten fr\u00e5n fatet eller krukan inte mer \u00e4n 15 minuter senare f\u00f6r att undvika \u00f6vervattning och rotskador. <br \/><br \/>F\u00f6lj dessa r\u00e5d s\u00e5 kommer du att kunna njuta av f\u00e4rgglada julstj\u00e4rnor l\u00e5ngt in p\u00e5 det nya \u00e5ret.<\/p>\r\n\r\n\r\n\r\n<p>F\u00f6r mer information och massor av dekorativa id\u00e9er med julstj\u00e4rnor bes\u00f6k <a href=\"http:\/\/www.starsforeurope.com\/se\/\">www.starsforeurope.com.<\/a><\/p>\r\n<\/div>\r\n<\/div>\r\n<\/div>\r\n<\/div>\r\n\r\n<p>&nbsp;<\/p>","protected":false},"excerpt":{"rendered":"<p>Om du tar hand om dina julstj\u00e4rnor p\u00e5 r\u00e4tt s\u00e4tt kan du njuta av dem i m\u00e5nga m\u00e5nader fram\u00f6ver. Vi f\u00f6rklarar hur du h\u00e5ller dessa fina v\u00e4xter friska s\u00e5 att de beh\u00e5ller sin f\u00e4rg l\u00e5ngt in p\u00e5 det nya \u00e5ret<\/p>\n","protected":false},"featured_media":7262,"template":"two-column-press","press_cat":[82,58],"press_main":[53,148],"class_list":["post-7263","press","type-press","status-publish","has-post-thumbnail","hentry","press_cat-interesting-facts","press_cat-care","press_main-pressmeddelanden","press_main-skotsel"],"acf":[],"_links":{"self":[{"href":"https:\/\/starsforeurope.com\/se\/wp-json\/wp\/v2\/press\/7263","targetHints":{"allow":["GET"]}}],"collection":[{"href":"https:\/\/starsforeurope.com\/se\/wp-json\/wp\/v2\/press"}],"about":[{"href":"https:\/\/starsforeurope.com\/se\/wp-json\/wp\/v2\/types\/press"}],"version-history":[{"count":9,"href":"https:\/\/starsforeurope.com\/se\/wp-json\/wp\/v2\/press\/7263\/revisions"}],"predecessor-version":[{"id":7658,"href":"https:\/\/starsforeurope.com\/se\/wp-json\/wp\/v2\/press\/7263\/revisions\/7658"}],"wp:featuredmedia":[{"embeddable":true,"href":"https:\/\/starsforeurope.com\/se\/wp-json\/wp\/v2\/media\/7262"}],"wp:attachment":[{"href":"https:\/\/starsforeurope.com\/se\/wp-json\/wp\/v2\/media?parent=7263"}],"wp:term":[{"taxonomy":"press_cat","embeddable":true,"href":"https:\/\/starsforeurope.com\/se\/wp-json\/wp\/v2\/press_cat?post=7263"},{"taxonomy":"press_main","embeddable":true,"href":"https:\/\/starsforeurope.com\/se\/wp-json\/wp\/v2\/press_main?post=7263"}],"curies":[{"name":"wp","href":"https:\/\/api.w.org\/{rel}","templated":true}]}}