{"id":5724,"date":"2019-09-13T15:15:36","date_gmt":"2019-09-13T13:15:36","guid":{"rendered":"https:\/\/weihnachtsstern.kinsta.cloud\/se\/?post_type=press&#038;p=5724"},"modified":"2025-08-25T14:43:21","modified_gmt":"2025-08-25T12:43:21","slug":"inte-bara-jul-hostmagi-med-julstjarnor","status":"publish","type":"press","link":"https:\/\/starsforeurope.com\/se\/press\/inte-bara-jul-hostmagi-med-julstjarnor\/","title":{"rendered":"Inte bara jul. H\u00f6stmagi med julstj\u00e4rnor"},"content":{"rendered":"<div class=\"wp-block-columns is-layout-flex wp-container-core-columns-is-layout-28f84493 wp-block-columns-is-layout-flex\">\r\n<div class=\"wp-block-column is-layout-flow wp-block-column-is-layout-flow\">\r\n<p>Med sina stj\u00e4rnformade, lysande r\u00f6da h\u00f6gblad \u00e4r den klassiska julstj\u00e4rnan en idealisk rumsdekoration i advent och under helajuls\u00e4songen. <br \/><br \/>Men visste du att med denna vackra v\u00e4xt kan du ocks\u00e5 g\u00f6ra fantastiska h\u00f6stdekorationer? I laxf\u00e4rgat, gult, kanel, Ros\u00e9, vitt eller aprikos f\u00f6rvandlar julstj\u00e4rnor rum till njutbara oaser f\u00f6r avkoppling n\u00e4r h\u00f6strusket tar fart. <br \/><br \/><span class=\"teaser-text\">\u00a0<\/span><\/p>\r\n<\/div>\r\n<\/div>\r\n\r\n\r\n\r\n<div class=\"wp-block-columns is-layout-flex wp-container-core-columns-is-layout-28f84493 wp-block-columns-is-layout-flex\">\r\n<div class=\"wp-block-column is-layout-flow wp-block-column-is-layout-flow\">\r\n<p>Dessa h\u00f6ststj\u00e4rnor har gett inspiration till s\u00e5dana uttrycksfulla namn som Autumn Leaves, Cinnamon Star, Lemon Snow eller Wintersun. Deras h\u00f6gblad utstr\u00e5lar f\u00e4rgfyrverkerier och p\u00e5minner om f\u00e4rgsprakande l\u00f6v i h\u00f6stskogar.<\/p>\r\n<\/div>\r\n<\/div>\r\n\r\n\r\n\r\n<div class=\"wp-block-columns is-layout-flex wp-container-core-columns-is-layout-28f84493 wp-block-columns-is-layout-flex\">\r\n<div class=\"wp-block-column is-layout-flow wp-block-column-is-layout-flow\">\r\n<div class=\"wp-block-columns is-layout-flex wp-container-core-columns-is-layout-28f84493 wp-block-columns-is-layout-flex\">\r\n<div class=\"wp-block-column is-layout-flow wp-block-column-is-layout-flow\">\r\n<figure class=\"wp-block-image size-full\"><img decoding=\"async\" src=\"https:\/\/starsforeurope.com\/se\/wp-content\/uploads\/sites\/15\/2022\/09\/2020_poinsettia_02000_Natural_Christmas_Warmth_08.jpg\" alt=\"\" \/><\/figure>\r\n<\/div>\r\n\r\n\r\n\r\n<div class=\"wp-block-column is-layout-flow wp-block-column-is-layout-flow\">\r\n<figure class=\"wp-block-image size-full\"><img decoding=\"async\" src=\"https:\/\/starsforeurope.com\/se\/wp-content\/uploads\/sites\/15\/2022\/09\/2019_poinsettia_02000_christmas_wonderland_13-1.jpg\" alt=\"\" \/><\/figure>\r\n<\/div>\r\n<\/div>\r\n<\/div>\r\n<\/div>\r\n\r\n\r\n\r\n<div class=\"wp-block-columns is-layout-flex wp-container-core-columns-is-layout-28f84493 wp-block-columns-is-layout-flex\">\r\n<div class=\"wp-block-column is-layout-flow wp-block-column-is-layout-flow\">\r\n<p>\u00c4ven utanf\u00f6r juls\u00e4songen \u00e4r de icke-r\u00f6da sorterna diversifierade och dekorativa krukv\u00e4xter. De passar bra in i alla livsstilar och ger en mysig k\u00e4nsla och god atmosf\u00e4r under kalla, gr\u00e5 h\u00f6stdagar. <br \/>N\u00e4r advent kommer sm\u00e4lter de f\u00e4rgglada stj\u00e4rnor enkelt in i juldekorationerna. F\u00f6r \u00e4ven om r\u00f6tt och gr\u00f6nt alltid kommer att vara julens klassiska f\u00e4rger, har andra kombinationer med tiden blivit n\u00e4stan lika popul\u00e4ra. <br \/><br \/>Nordiskt coolt i bl\u00e5tt, silver och vitt, vackert i lila, r\u00f6tt och guld, romantiskt i delikata pastellf\u00e4rger eller modernt i bensin, koppar och svart. Idag har julens f\u00e4rgkombinationerna inga gr\u00e4nser.<\/p>\r\n<\/div>\r\n<\/div>\r\n\r\n\r\n\r\n<div class=\"wp-block-columns is-layout-flex wp-container-core-columns-is-layout-28f84493 wp-block-columns-is-layout-flex\">\r\n<div class=\"wp-block-column is-layout-flow wp-block-column-is-layout-flow\">\r\n<p>Och tack vare sin otroliga m\u00e5ngfald och m\u00e5ngsidighet \u00e4r julstj\u00e4rnan en perfekt f\u00f6ljeslagarei alla f\u00e4rgv\u00e4rldar. Trots att de \u00e4r s\u00e5 vackra och m\u00e5ngsidiga, \u00e4r julstj\u00e4rnor i vissa ovanliga f\u00e4rger fortfarande inte s\u00e4rskilt utbredda. R\u00f6da julstj\u00e4rnor \u00e4r \u00f6verl\u00e4gset b\u00e4sts\u00e4ljande av alla, f\u00f6ljt av vita och kr\u00e4mf\u00e4rgade sorter, sedan tv\u00e5f\u00e4rgade och fl\u00e4ckiga kultivarer samt julstj\u00e4rnor i det rosa sortimentet. <br \/><br \/>F\u00e4rgnyanser som lax, kanel och gult, \u00e5 andra sidan, \u00e4r fortfarande inte s\u00e4rskilt vanligt f\u00f6rekommande.<\/p>\r\n<\/div>\r\n<\/div>\r\n\r\n\r\n\r\n<div class=\"wp-block-columns is-layout-flex wp-container-core-columns-is-layout-28f84493 wp-block-columns-is-layout-flex\">\r\n<div class=\"wp-block-column is-layout-flow wp-block-column-is-layout-flow\">\r\n<p>&nbsp;<\/p>\r\n<div class=\"posts__item__text\"><br \/>\r\n<p class=\"news-text-wrap\">Alla med en f\u00f6rk\u00e4rlek f\u00f6r julstj\u00e4rnor i h\u00f6stnyanser b\u00f6r inte v\u00e4nta f\u00f6r l\u00e4nge, eftersom dessa f\u00e4rger vanligtvis fr\u00e4mst finns i b\u00f6rjan av s\u00e4songen och n\u00e4stan uteslutande i tr\u00e4dg\u00e5rdscentra och plantskolor. <br \/>Julstj\u00e4rnor fr\u00e5n familjen Princettia \u00e4r tillg\u00e4ngliga lite tidigare, ofta redan i september. <br \/>N\u00e4r det g\u00e4ller sk\u00f6tsel, \u00e4r det inte mycket skillnad mellan speciella sorters julstj\u00e4rnor och de klassiskar\u00f6da. De trivs alla bra p\u00e5 en ljus, varm plats vid temperaturer mellan 15 och 22 \u00b0 C och medregelbunden, m\u00e5ttlig vattning med rumstempererat vatten. Ingen av dem tycker om kyla och drag.<\/p>\r\n<br \/><br \/><\/div>\r\n<\/div>\r\n<\/div>\r\n\r\n<p>&nbsp;<\/p>","protected":false},"excerpt":{"rendered":"<p>Visste du att med poinsettia denna vackra v\u00e4xt kan du ocks\u00e5 g\u00f6ra fantastiska h\u00f6stdekorationer?<\/p>\n","protected":false},"featured_media":5321,"template":"two-column-press","press_cat":[98],"press_main":[134,136,53],"class_list":["post-5724","press","type-press","status-publish","has-post-thumbnail","hentry","press_cat-autumn-decor-houseplants","press_main-dekoration","press_main-hostdekorationer-green-living","press_main-pressmeddelanden"],"acf":[],"_links":{"self":[{"href":"https:\/\/starsforeurope.com\/se\/wp-json\/wp\/v2\/press\/5724","targetHints":{"allow":["GET"]}}],"collection":[{"href":"https:\/\/starsforeurope.com\/se\/wp-json\/wp\/v2\/press"}],"about":[{"href":"https:\/\/starsforeurope.com\/se\/wp-json\/wp\/v2\/types\/press"}],"version-history":[{"count":16,"href":"https:\/\/starsforeurope.com\/se\/wp-json\/wp\/v2\/press\/5724\/revisions"}],"predecessor-version":[{"id":7680,"href":"https:\/\/starsforeurope.com\/se\/wp-json\/wp\/v2\/press\/5724\/revisions\/7680"}],"wp:featuredmedia":[{"embeddable":true,"href":"https:\/\/starsforeurope.com\/se\/wp-json\/wp\/v2\/media\/5321"}],"wp:attachment":[{"href":"https:\/\/starsforeurope.com\/se\/wp-json\/wp\/v2\/media?parent=5724"}],"wp:term":[{"taxonomy":"press_cat","embeddable":true,"href":"https:\/\/starsforeurope.com\/se\/wp-json\/wp\/v2\/press_cat?post=5724"},{"taxonomy":"press_main","embeddable":true,"href":"https:\/\/starsforeurope.com\/se\/wp-json\/wp\/v2\/press_main?post=5724"}],"curies":[{"name":"wp","href":"https:\/\/api.w.org\/{rel}","templated":true}]}}