{"id":4963,"date":"2021-11-24T08:45:29","date_gmt":"2021-11-24T07:45:29","guid":{"rendered":"https:\/\/weihnachtsstern.kinsta.cloud\/se\/?post_type=press&#038;p=4963"},"modified":"2025-08-25T14:33:55","modified_gmt":"2025-08-25T12:33:55","slug":"julstjarnor-for-designalskare-samtida-blomsterarrangemang-med-skurna-julstjarnor","status":"publish","type":"press","link":"https:\/\/starsforeurope.com\/se\/press\/julstjarnor-for-designalskare-samtida-blomsterarrangemang-med-skurna-julstjarnor\/","title":{"rendered":"Julstj\u00e4rnor f\u00f6r design\u00e4lskare Samtida blomsterarrangemang med skurna julstj\u00e4rnor"},"content":{"rendered":"<div class=\"wp-block-columns is-layout-flex wp-container-core-columns-is-layout-28f84493 wp-block-columns-is-layout-flex\">\r\n<div class=\"wp-block-column is-layout-flow wp-block-column-is-layout-flow\">\r\n<p><span class=\"teaser-text\">Julstj\u00e4rnor och design; vid f\u00f6rsta anblicken kan dessa ord verka som en mots\u00e4gelse. N\u00e4r allt kommer omkring k\u00e4mpar v\u00e4xten fortfarande f\u00f6r att f\u00e5 en modernare bild, men ta en n\u00e4rmare titt s\u00e5 inser du snabbt den stora potentialen hos julstj\u00e4rnan, som knappast n\u00e5gon annan vinterblommande v\u00e4xt kan matcha n\u00e4r det g\u00e4ller m\u00e5ngsidighet och dekorativ m\u00f6jligheterna. <\/span> <br \/><br \/><span class=\"teaser-text\">Tack vare sitt breda utbud av f\u00e4rger, storlekar och v\u00e4xts\u00e4tt \u00e4r julstj\u00e4rnan inte bara en favoritkrukv\u00e4xt, utan \u00e4ven som snittblomma \u00f6vergl\u00e4nser den de flesta andra vinterblommare. Med sina enorma skenblommor och extra l\u00e5nga vaslivsl\u00e4ngd \u00e4r den idealisk f\u00f6r moderna blomsterarrangemang, vilket f\u00f6ljande festliga m\u00f6nster och buketter visar.<\/span><\/p>\r\n<\/div>\r\n<\/div>\r\n\r\n\r\n\r\n<div class=\"wp-block-columns is-layout-flex wp-container-core-columns-is-layout-28f84493 wp-block-columns-is-layout-flex\">\r\n<div class=\"wp-block-column is-layout-flow wp-block-column-is-layout-flow\">\r\n<h2 class=\"wp-block-heading\">Floral masterpieces in delicate blush tones<\/h2>\r\n\r\n\r\n\r\n<p>Stj\u00e4rnsp\u00e4ckad: I denna magiska adventskrans i romantiska rougetoner placeras skurna julstj\u00e4rnor t\u00e4tt intill varandra i en skumkrans. I rosa, ros och aprikos skapar de pr\u00e5liga h\u00f6gbladen ett riktigt fyrverkeri av f\u00e4rg. Gl\u00e4nsande julgranskulor och dekorationer i mitten av kransen \u00e4r den perfekta finishen.<\/p>\r\n\r\n\r\n\r\n<div class=\"wp-block-columns is-layout-flex wp-container-core-columns-is-layout-28f84493 wp-block-columns-is-layout-flex\">\r\n<div class=\"wp-block-column is-layout-flow wp-block-column-is-layout-flow\">\r\n<figure class=\"wp-block-image size-full\"><img decoding=\"async\" src=\"https:\/\/starsforeurope.com\/se\/wp-content\/uploads\/sites\/15\/2022\/09\/2021-poinsettia-01000-boho-green-living-11.jpg\" alt=\"\" \/><\/figure>\r\n<\/div>\r\n\r\n\r\n\r\n<div class=\"wp-block-column is-layout-flow wp-block-column-is-layout-flow\">\r\n<p>&nbsp;<\/p>\r\n<div class=\"ce-bodytext\"><br \/>\r\n<p class=\"text-justify\">Julstj\u00e4rnorna kombineras med f\u00e4rgade torkade blommor, som glixia (stj\u00e4rnblomma), och gr\u00e4s som kaninstj\u00e4rt (lagurus), s\u00e5v\u00e4l som l\u00e5nga (besprutade) fittsvidstammar. Sedan l\u00e4ggs matchande m\u00f6rkrosa koniska ljus till.<\/p>\r\n<br \/>\r\n<p class=\"text-justify\">Bilden till h\u00f6ger visar att enkel gr\u00f6n livsstil och dj\u00e4rva blomkreationer inte beh\u00f6ver utesluta varandra. Med sina enorma skenblommor \u00e4r de rosa skurna julstj\u00e4rnorna i detta arrangemang en riktig showstopper. Tillsammans med f\u00e4rska b\u00e4riga eukalyptus- och vinterb\u00e4rsgrenar (ilex verticillata), f\u00e4rgade och naturliga miscanthus- och Bunny&#8217;s Tail (lagurus)- gr\u00e4s g\u00f6r de en chic uppvisning som garanterat kommer att skapa en festlig st\u00e4mning inf\u00f6r jul.<\/p>\r\n<br \/><br \/><\/div>\r\n<\/div>\r\n<\/div>\r\n\r\n\r\n\r\n<div class=\"wp-block-columns is-layout-flex wp-container-core-columns-is-layout-28f84493 wp-block-columns-is-layout-flex\">\r\n<div class=\"wp-block-column is-layout-flow wp-block-column-is-layout-flow\">\r\n<figure class=\"wp-block-image size-full\"><img decoding=\"async\" src=\"https:\/\/starsforeurope.com\/se\/wp-content\/uploads\/sites\/15\/2022\/08\/2021-poinsettia-0.jpg\" alt=\"Adventskranz in Altrosa mit vielen geschnittenen Weihnachtssternen, Schleierkraut, Trockenblumen und Stabkerzen auf einem runden Beistelltisch aus Eichenholz\" \/><\/figure>\r\n<\/div>\r\n\r\n\r\n\r\n<div class=\"wp-block-column is-layout-flow wp-block-column-is-layout-flow\">\r\n<figure class=\"wp-block-image size-full\"><img decoding=\"async\" src=\"https:\/\/starsforeurope.com\/se\/wp-content\/uploads\/sites\/15\/2022\/09\/2021-poinsettia-01000-boho-green-living-09.jpg\" alt=\"\" \/><\/figure>\r\n<\/div>\r\n<\/div>\r\n<\/div>\r\n<\/div>\r\n\r\n\r\n\r\n<div class=\"wp-block-columns is-layout-flex wp-container-core-columns-is-layout-28f84493 wp-block-columns-is-layout-flex\">\r\n<div class=\"wp-block-column is-layout-flow wp-block-column-is-layout-flow\">\r\n<h2 class=\"wp-block-heading\">Modern julstj\u00e4rnadesign i svala nyanser av bl\u00e5tt och vitt<\/h2>\r\n\r\n\r\n\r\n<p>En kontrast till den minimalistiska interi\u00f6ren g\u00f6r att denna snygga h\u00e4ngande installation av skurna julstj\u00e4rnor och torkade blommor ser riktigt imponerande ut. Kombinationen av subtila nyanser av bl\u00e5tt, gr\u00e5tt och naturliga toner accentuerar gl\u00f6den fr\u00e5n de vita och kr\u00e4mf\u00e4rgade julstj\u00e4rnorna. <br \/><br \/>Med sin avsiktliga enkelhet \u00e5terspeglar bordsinredningen p\u00e5 ett smart s\u00e4tt stilen p\u00e5 takinstallationen, utan att distrahera fr\u00e5n fokuspunkten i sj\u00e4lva rummet.<\/p>\r\n\r\n\r\n\r\n<div class=\"wp-block-columns is-layout-flex wp-container-core-columns-is-layout-28f84493 wp-block-columns-is-layout-flex\">\r\n<div class=\"wp-block-column is-layout-flow wp-block-column-is-layout-flow\">\r\n<figure class=\"wp-block-image size-full\"><img decoding=\"async\" src=\"https:\/\/starsforeurope.com\/se\/wp-content\/uploads\/sites\/15\/2022\/09\/2021-poinsettia-03000-frozen-christmas-decor-01.jpg\" alt=\"\" \/><\/figure>\r\n<\/div>\r\n\r\n\r\n\r\n<div class=\"wp-block-column is-layout-flow wp-block-column-is-layout-flow\">\r\n<p>I denna minimalistiska Scandi-interi\u00f6r kommer denna konstn\u00e4rligt arrangerade adventskrans av skurna julstj\u00e4rnor, echeveria (suckulenter) och blandade torkade blommor att vara den ultimata showstopper. De subtila nyanserna av bl\u00e5tt, gr\u00e5tt och naturliga toner g\u00f6r att de vita och kr\u00e4mf\u00e4rgade julstj\u00e4rnorna sticker ut. Med en skumkransbas och lite skicklighet kan du g\u00f6ra detta arrangemang sj\u00e4lv. Viktigt: Bl\u00f6tl\u00e4gg skummet ordentligt innan du s\u00e4tter in de skurna julstj\u00e4rnorna. <br \/><br \/>P\u00e5 bilden till v\u00e4nster g\u00f6r en modern adventsdesign av skurna julstj\u00e4rnor och olika torkade blommor ett stilrent och sofistikerat inslag. F\u00e4rgkombinationen av naturliga toner, bl\u00e5tt och vitt \u00e5terspeglas i rumsschemat, vilket skapar ett harmoniskt utseende \u00f6verlag.<\/p>\r\n<\/div>\r\n<\/div>\r\n\r\n\r\n\r\n<div class=\"wp-block-columns is-layout-flex wp-container-core-columns-is-layout-28f84493 wp-block-columns-is-layout-flex\">\r\n<div class=\"wp-block-column is-layout-flow wp-block-column-is-layout-flow\">\r\n<figure class=\"wp-block-image size-full\"><img decoding=\"async\" src=\"https:\/\/starsforeurope.com\/se\/wp-content\/uploads\/sites\/15\/2022\/09\/2021-poinsettia-03000-frozen-christmas-decor-06.jpg\" alt=\"\" \/><\/figure>\r\n<\/div>\r\n\r\n\r\n\r\n<div class=\"wp-block-column is-layout-flow wp-block-column-is-layout-flow\">\r\n<figure class=\"wp-block-image size-full\"><img decoding=\"async\" src=\"https:\/\/starsforeurope.com\/se\/wp-content\/uploads\/sites\/15\/2022\/09\/2021-poinsettia-03000-frozen-christmas-decor-16.jpg\" alt=\"\" \/><\/figure>\r\n<\/div>\r\n<\/div>\r\n<\/div>\r\n<\/div>\r\n\r\n\r\n\r\n<div class=\"wp-block-columns is-layout-flex wp-container-core-columns-is-layout-28f84493 wp-block-columns-is-layout-flex\">\r\n<div class=\"wp-block-column is-layout-flow wp-block-column-is-layout-flow\">\r\n<h2 class=\"wp-block-heading\">Snygga blompresenter med skurna julstj\u00e4rnor<\/h2>\r\n\r\n\r\n\r\n<p>Om du bes\u00f6ker en fackhandel som en florist eller tr\u00e4dg\u00e5rdsm\u00e4stare under \u00e5rets sista veckor f\u00f6r att k\u00f6pa en snygg, modern blompresent, kanske en julstj\u00e4rna inte \u00e4r det f\u00f6rsta du t\u00e4nker p\u00e5. \u00c4nd\u00e5 kan skurna julstj\u00e4rnor anv\u00e4ndas f\u00f6r att skapa mycket konstn\u00e4rliga buketter som definitivt kommer att imponera p\u00e5 \u00e4ven de med h\u00f6g designsmak.<\/p>\r\n\r\n\r\n\r\n<div class=\"wp-block-columns is-layout-flex wp-container-core-columns-is-layout-28f84493 wp-block-columns-is-layout-flex\">\r\n<div class=\"wp-block-column is-layout-flow wp-block-column-is-layout-flow\">\r\n<figure class=\"wp-block-image size-full\"><img decoding=\"async\" src=\"https:\/\/starsforeurope.com\/se\/wp-content\/uploads\/sites\/15\/2022\/08\/2021-poinsettia-03.jpg\" alt=\"Winterlicher Blumenstrau\u00df mit cremefarbenen Schnittweihnachtssternen und Trockenblumen auf einem hellblauen Sofa\" \/><\/figure>\r\n<\/div>\r\n\r\n\r\n\r\n<div class=\"wp-block-column is-layout-flow wp-block-column-is-layout-flow\">\r\n<p>&nbsp;<\/p>\r\n<p class=\"text-justify\">Dr\u00f6m i bl\u00e5tt, vitt och gr\u00e4dde: I dessa tv\u00e5 designs har vita och kr\u00e4mskurna julstj\u00e4rnor kombinerats med olika torkade blommor. Det bl\u00e5 i vissa element skapar dekorativa accenter och en sl\u00e5ende kontrast till de dominerande vita, gr\u00e4ddf\u00e4rgade och neutrala nyanserna. Tips: Om du placerar julstj\u00e4rnorna i blomr\u00f6r fyllda med vatten, blir denna bukett det perfekta mittpunkten i rummet utan att beh\u00f6va en vas.<\/p>\r\n<p>&nbsp;<\/p>\r\n<p class=\"text-justify\">Tips: Om du placerar julstj\u00e4rnorna i blomr\u00f6r fyllda med vatten, blir denna bukett det perfekta mittpunkten i rummet utan att beh\u00f6va en vas.<\/p>\r\n<p><br \/>Minibuketter av skurna julstj\u00e4rnor och utvalda torkade blommor \u00e4r f\u00f6r \u00f6vrigt ocks\u00e5 ett bra s\u00e4tt att dekorera julklappar. Tips: Om h\u00e5llbarhet \u00e4r viktigt f\u00f6r dig kan du \u00e4ven anv\u00e4nda ett vackert tyg ist\u00e4llet f\u00f6r papper f\u00f6r att sl\u00e5 in. Tips: F\u00f6r att f\u00f6rhindra att tyget blir fl\u00e4ckigt, linda antingen julstj\u00e4rnans stj\u00e4lk med gr\u00f6n floristtejp eller l\u00e4gg den i en blomtub fylld med vatten.<\/p>\r\n<\/div>\r\n<\/div>\r\n\r\n\r\n\r\n<div class=\"wp-block-columns is-layout-flex wp-container-core-columns-is-layout-28f84493 wp-block-columns-is-layout-flex\">\r\n<div class=\"wp-block-column is-layout-flow wp-block-column-is-layout-flow\">\r\n<figure class=\"wp-block-image size-full\"><img decoding=\"async\" src=\"https:\/\/starsforeurope.com\/se\/wp-content\/uploads\/sites\/15\/2022\/09\/asset-2.jpg\" alt=\"\" \/><\/figure>\r\n<\/div>\r\n\r\n\r\n\r\n<div class=\"wp-block-column is-layout-flow wp-block-column-is-layout-flow\">\r\n<figure class=\"wp-block-image size-full\"><img decoding=\"async\" src=\"https:\/\/starsforeurope.com\/se\/wp-content\/uploads\/sites\/15\/2022\/08\/2021-poinsettia-03000-frozen-christmas-decor-11.jpg\" alt=\"\" \/><\/figure>\r\n<\/div>\r\n<\/div>\r\n<\/div>\r\n<\/div>\r\n\r\n\r\n\r\n<div class=\"wp-block-columns is-layout-flex wp-container-core-columns-is-layout-28f84493 wp-block-columns-is-layout-flex\">\r\n<div class=\"wp-block-column is-layout-flow wp-block-column-is-layout-flow\">\r\n<h2 class=\"wp-block-heading\">R\u00e4tt sk\u00e4rteknik f\u00f6r l\u00e4ngre vass livsl\u00e4ngd<\/h2>\r\n\r\n\r\n\r\n<p>Avskurna julstj\u00e4rnor h\u00e5ller sig fr\u00e4scha i upp till tv\u00e5 veckor om du t\u00e4tar de avskurna \u00e4ndarna f\u00f6r att f\u00f6rhindra att saften l\u00e4cker. F\u00f6r att g\u00f6ra detta, omedelbart efter sk\u00e4rning, doppa f\u00f6rst stj\u00e4lkarna i varmt vatten p\u00e5 cirka 60 grader i n\u00e5gra sekunder, sedan i kallt vatten och l\u00e4gg dem sedan i f\u00e4rskt vatten.<\/p>\r\n<\/div>\r\n<\/div>\r\n\r\n<p>&nbsp;<\/p>","protected":false},"excerpt":{"rendered":"<p>Skurna julstj\u00e4rnor kan anv\u00e4ndas f\u00f6r att skapa sofistikerade, moderna arrangemang. Vi presenterar buketter, kransar och blomsterarrangemang f\u00f6r design\u00e4lskare.<\/p>\n","protected":false},"featured_media":4784,"template":"two-column-press","press_cat":[111,112],"press_main":[135,134,53,138],"class_list":["post-4963","press","type-press","status-publish","has-post-thumbnail","hentry","press_cat-decoration-tips","press_cat-cut-flower","press_main-adventsdekorationer","press_main-dekoration","press_main-pressmeddelanden","press_main-snittblommor"],"acf":[],"_links":{"self":[{"href":"https:\/\/starsforeurope.com\/se\/wp-json\/wp\/v2\/press\/4963","targetHints":{"allow":["GET"]}}],"collection":[{"href":"https:\/\/starsforeurope.com\/se\/wp-json\/wp\/v2\/press"}],"about":[{"href":"https:\/\/starsforeurope.com\/se\/wp-json\/wp\/v2\/types\/press"}],"version-history":[{"count":19,"href":"https:\/\/starsforeurope.com\/se\/wp-json\/wp\/v2\/press\/4963\/revisions"}],"predecessor-version":[{"id":7673,"href":"https:\/\/starsforeurope.com\/se\/wp-json\/wp\/v2\/press\/4963\/revisions\/7673"}],"wp:featuredmedia":[{"embeddable":true,"href":"https:\/\/starsforeurope.com\/se\/wp-json\/wp\/v2\/media\/4784"}],"wp:attachment":[{"href":"https:\/\/starsforeurope.com\/se\/wp-json\/wp\/v2\/media?parent=4963"}],"wp:term":[{"taxonomy":"press_cat","embeddable":true,"href":"https:\/\/starsforeurope.com\/se\/wp-json\/wp\/v2\/press_cat?post=4963"},{"taxonomy":"press_main","embeddable":true,"href":"https:\/\/starsforeurope.com\/se\/wp-json\/wp\/v2\/press_main?post=4963"}],"curies":[{"name":"wp","href":"https:\/\/api.w.org\/{rel}","templated":true}]}}