{"id":7386,"date":"2023-11-13T01:23:43","date_gmt":"2023-11-13T00:23:43","guid":{"rendered":"https:\/\/starsforeurope.com\/se\/?post_type=blog&#038;p=7386"},"modified":"2025-11-28T14:49:22","modified_gmt":"2025-11-28T13:49:22","slug":"sex-speciella-diy-adventskransideer-med-julstjarnor","status":"publish","type":"blog","link":"https:\/\/starsforeurope.com\/se\/blog\/sex-speciella-diy-adventskransideer-med-julstjarnor\/","title":{"rendered":"DIY adventskransar med julstj\u00e4rnor"},"content":{"rendered":"<div class=\"wp-block-columns is-layout-flex wp-container-core-columns-is-layout-28f84493 wp-block-columns-is-layout-flex\">\n<div class=\"wp-block-column is-layout-flow wp-block-column-is-layout-flow\">\n<div class=\"wp-block-columns is-layout-flex wp-container-core-columns-is-layout-28f84493 wp-block-columns-is-layout-flex\">\n<div class=\"wp-block-column is-layout-flow wp-block-column-is-layout-flow\">\n<p><span data-contrast=\"auto\">Adventskransar med julstj\u00e4rnor \u00e4r fortfarande inte s\u00e5 vanliga, s\u00e5 du b\u00f6r definitivt l\u00e4sa vidare om:<\/span>\n\nBara intresserad av v\u00e5ra DIY-id\u00e9er och redo att skapa din egen unika krans med julstj\u00e4rnor? Kom ig\u00e5ng! Klicka h\u00e4r f\u00f6r att g\u00e5 direkt till <a href=\"#diy-adventskransar-for-alla-smaker-med-julstjarnor\">Adventskransar med julstj\u00e4rnor.<\/a><\/p>\n<\/div>\n<\/div>\n\n\n\n<div class=\"wp-block-columns is-layout-flex wp-container-core-columns-is-layout-28f84493 wp-block-columns-is-layout-flex\">\n<div class=\"wp-block-column is-layout-flow wp-block-column-is-layout-flow\">\n<h2 class=\"wp-block-heading\" id=\"adventskransens-historia\">Adventskransens historia<\/h2>\n\n\n\n<p>Historien om adventskransen b\u00f6rjar 1839, l\u00e5ngt innan &#8221;Last Christmas&#8221; var en \u00e5terkommande juls\u00e5ng i varje butik under jul.\n<br>\n<br>D\u00e5 fick Johann Hinrich Wichern, en protestantisk teolog fr\u00e5n Hamburg, en id\u00e9: Han ville p\u00e5skynda v\u00e4ntetiden fram till jul f\u00f6r barnen p\u00e5 hans barnhem. Han gjorde en tr\u00e4krans med 24 ljus.\n<br>\n<br>Varje dag t\u00e4nde han ett och gjorde det d\u00e4rmed tydligt f\u00f6r barnen hur l\u00e5ngt det var kvar till julafton. Detta var f\u00f6delsen av adventskransen. Senare blev kransar och ljusstakar med fyra ljus allt popul\u00e4rare och representerade de fyra s\u00f6ndagarna i advent.<\/p>\n<\/div>\n<\/div>\n<\/div>\n<\/div>\n\n\n\n<div class=\"wp-block-columns is-layout-flex wp-container-core-columns-is-layout-28f84493 wp-block-columns-is-layout-flex\">\n<div class=\"wp-block-column is-layout-flow wp-block-column-is-layout-flow\">\n<div class=\"wp-block-columns is-layout-flex wp-container-core-columns-is-layout-28f84493 wp-block-columns-is-layout-flex\">\n<div class=\"wp-block-column is-layout-flow wp-block-column-is-layout-flow\">\n<h3 class=\"wp-block-heading\">Vintergr\u00f6na grenar vid advent<\/h3>\n\n\n\n<p>Tr\u00e4kransen blev snabbt en krans t\u00e4ckt med vintergr\u00f6na v\u00e4xter. Traditionen att anv\u00e4nda den i samband med jul g\u00e5r tillbaka till de <strong>nordiska kulturerna<\/strong>. Redan f\u00f6re julens inf\u00f6rande dekorerade germanska stammar sina hem med vintergr\u00f6na grenar f\u00f6r att uppmuntra gudarna att f\u00e5 tillbaka solen och driva bort kylan. Denna ursprungliga tradition letade sig in i adventstiden och kombinerades med den <strong>kristna symboliken<\/strong> med ljus i adventskransen.<\/p>\n<\/div>\n<\/div>\n<\/div>\n<\/div>\n\n\n\n<div class=\"wp-block-columns is-layout-flex wp-container-core-columns-is-layout-28f84493 wp-block-columns-is-layout-flex\">\n<div class=\"wp-block-column is-layout-flow wp-block-column-is-layout-flow\">\n<h3 class=\"wp-block-heading\">Adventskransen utvecklas<\/h3>\n\n\n\n<div class=\"wp-block-columns is-layout-flex wp-container-core-columns-is-layout-28f84493 wp-block-columns-is-layout-flex\">\n<div class=\"wp-block-column is-layout-flow wp-block-column-is-layout-flow\">\n<p>Idag \u00e4r en adventskrans\/adventsljusstaken en av de viktigaste symbolerna inf\u00f6r julen. Det finns nu gott om alternativ till den traditionella kransen och i modern design utg\u00f6r vintergr\u00f6na bladverk inte l\u00e4ngre en viktig del av arrangemanget. Under de senaste \u00e5ren har <a href=\"#diy-adventskransar-for-alla-smaker-med-julstjarnor\">adventskransar med julstj\u00e4rnor<\/a>&nbsp;blivit allt popul\u00e4rare. Och inte konstigt eftersom dessa stj\u00e4rnformade blommor med sina magnifika h\u00f6gblad f\u00e5r denna traditionella dekoration att lysa.<\/p>\n<\/div>\n<\/div>\n<\/div>\n<\/div>\n\n\n\n<div class=\"wp-block-columns is-layout-flex wp-container-core-columns-is-layout-28f84493 wp-block-columns-is-layout-flex\">\n<div class=\"wp-block-column is-layout-flow wp-block-column-is-layout-flow\">\n<div class=\"wp-block-columns is-layout-flex wp-container-core-columns-is-layout-28f84493 wp-block-columns-is-layout-flex\">\n<div class=\"wp-block-column is-layout-flow wp-block-column-is-layout-flow\">\n<h2 class=\"wp-block-heading\" id=\"diy-adventskransar-for-alla-smaker-med-julstjarnor\">DIY adventskransar f\u00f6r alla smaker med julstj\u00e4rnor<\/h2>\n<\/div>\n<\/div>\n<\/div>\n<\/div>\n\n\n\n<div class=\"wp-block-columns is-layout-flex wp-container-core-columns-is-layout-28f84493 wp-block-columns-is-layout-flex\">\n<div class=\"wp-block-column is-layout-flow wp-block-column-is-layout-flow\">\n<div class=\"wp-block-columns is-layout-flex wp-container-core-columns-is-layout-28f84493 wp-block-columns-is-layout-flex\">\n<div class=\"wp-block-column is-layout-flow wp-block-column-is-layout-flow\">\n<p>Adventskransar med julstj\u00e4rnor finns i en m\u00e4ngd av olika stilar, fr\u00e5n traditionella och klassiska till romantiska, lekfulla och tuffa till moderna och minimalistiska. Uppt\u00e4ck en m\u00e4ngd olika DIY-kransid\u00e9er med klippta, planterade och julstj\u00e4rnor i kruka! V\u00e5ra detaljerade instruktioner kommer (f\u00f6rhoppningsvis) se till att din hemmagjorda adventskrans med julstj\u00e4rnor kommer att se ut som en fr\u00e5n en florist \ud83d\ude0a<\/p>\n\n\n\n<h3 class=\"wp-block-heading\">Id\u00e9 1: Adventskrans med kokedamas och minijulstj\u00e4rnor<\/h3>\n\n\n\n<p>Denna krans av Kokedamas kommer garanterat att f\u00e5nga allas uppm\u00e4rksamhet, inte bara f\u00f6r att det fj\u00e4rde ljuset har utel\u00e4mnats, utan ocks\u00e5 p\u00e5 grund av de flytande mosskulorna med planterade knallr\u00f6da minijulstj\u00e4rnor.\n<br>\n<br>Det \u00e4r l\u00e4tt att g\u00f6ra detta unika arrangemang sj\u00e4lv. Ta reda p\u00e5 hur i v\u00e5r <a href=\"https:\/\/www.facebook.com\/reel\/284137354079610\" target=\"_blank\" rel=\"noopener\">steg-f\u00f6r-steg-bildserie<\/a>.<\/p>\n<\/div>\n\n\n\n<div class=\"wp-block-column is-layout-flow wp-block-column-is-layout-flow\">\n<figure class=\"wp-block-image size-full\"><img loading=\"lazy\" decoding=\"async\" width=\"875\" height=\"1050\" src=\"https:\/\/starsforeurope.com\/se\/wp-content\/uploads\/sites\/15\/2023\/08\/asset-3-3.jpg\" alt=\"\" class=\"wp-image-7281\" srcset=\"https:\/\/starsforeurope.com\/se\/wp-content\/uploads\/sites\/15\/2023\/08\/asset-3-3.jpg 875w, https:\/\/starsforeurope.com\/se\/wp-content\/uploads\/sites\/15\/2023\/08\/asset-3-3-250x300.jpg 250w, https:\/\/starsforeurope.com\/se\/wp-content\/uploads\/sites\/15\/2023\/08\/asset-3-3-853x1024.jpg 853w, https:\/\/starsforeurope.com\/se\/wp-content\/uploads\/sites\/15\/2023\/08\/asset-3-3-768x922.jpg 768w, https:\/\/starsforeurope.com\/se\/wp-content\/uploads\/sites\/15\/2023\/08\/asset-3-3-563x675.jpg 563w\" sizes=\"auto, (max-width: 875px) 100vw, 875px\" \/><\/figure>\n<\/div>\n<\/div>\n<\/div>\n<\/div>\n\n\n\n<div class=\"wp-block-columns is-layout-flex wp-container-core-columns-is-layout-28f84493 wp-block-columns-is-layout-flex\">\n<div class=\"wp-block-column is-layout-flow wp-block-column-is-layout-flow\">\n<div class=\"wp-block-columns is-layout-flex wp-container-core-columns-is-layout-28f84493 wp-block-columns-is-layout-flex\">\n<div class=\"wp-block-column is-layout-flow wp-block-column-is-layout-flow\">\n<figure class=\"wp-block-image size-full\"><img loading=\"lazy\" decoding=\"async\" width=\"1050\" height=\"875\" src=\"https:\/\/starsforeurope.com\/se\/wp-content\/uploads\/sites\/15\/2022\/09\/2018_poinsettia_0210_DIY_Advent_Wreath_Nature_01.jpg\" alt=\"\" class=\"wp-image-5484\" srcset=\"https:\/\/starsforeurope.com\/se\/wp-content\/uploads\/sites\/15\/2022\/09\/2018_poinsettia_0210_DIY_Advent_Wreath_Nature_01.jpg 1050w, https:\/\/starsforeurope.com\/se\/wp-content\/uploads\/sites\/15\/2022\/09\/2018_poinsettia_0210_DIY_Advent_Wreath_Nature_01-300x250.jpg 300w, https:\/\/starsforeurope.com\/se\/wp-content\/uploads\/sites\/15\/2022\/09\/2018_poinsettia_0210_DIY_Advent_Wreath_Nature_01-1024x853.jpg 1024w, https:\/\/starsforeurope.com\/se\/wp-content\/uploads\/sites\/15\/2022\/09\/2018_poinsettia_0210_DIY_Advent_Wreath_Nature_01-768x640.jpg 768w, https:\/\/starsforeurope.com\/se\/wp-content\/uploads\/sites\/15\/2022\/09\/2018_poinsettia_0210_DIY_Advent_Wreath_Nature_01-810x675.jpg 810w\" sizes=\"auto, (max-width: 1050px) 100vw, 1050px\" \/><\/figure>\n<\/div>\n\n\n\n<div class=\"wp-block-column is-layout-flow wp-block-column-is-layout-flow\">\n<h3 class=\"wp-block-heading\">Id\u00e9 2: Rustik krans med planterad julstj\u00e4rna<\/h3>\n\n\n\n<p>Denna adventskrans, med kottar som ramar in en frodig r\u00f6d julstj\u00e4rna, har en balans mellan rustik k\u00e4nsla och romantisk charm.\n<br>\n<br>I v\u00e5r video <a href=\"https:\/\/www.youtube.com\/watch?v=twFTGzy2pK8\">Adventskrans med kottar och julstj\u00e4rnor<\/a>&nbsp;kan du steg f\u00f6r steg se hur kransen \u00e4r gjord. Prova!<\/p>\n<\/div>\n<\/div>\n<\/div>\n<\/div>\n\n\n\n<div class=\"wp-block-columns is-layout-flex wp-container-core-columns-is-layout-28f84493 wp-block-columns-is-layout-flex\">\n<div class=\"wp-block-column is-layout-flow wp-block-column-is-layout-flow\">\n<div class=\"wp-block-columns is-layout-flex wp-container-core-columns-is-layout-28f84493 wp-block-columns-is-layout-flex\">\n<div class=\"wp-block-column is-layout-flow wp-block-column-is-layout-flow\">\n<h3 class=\"wp-block-heading\">Id\u00e9 3: Modern \u00e5tervunnen krans med minijulstj\u00e4rnor<\/h3>\n\n\n\n<p>Har du en gammal bakform i k\u00f6kssk\u00e5pet? Kasta inte bort den! Upcycling ger klassiska juldekorationer en modern twist.\n<br>\n<br>I videon som bara \u00e4r tre minuter l\u00e5ng <a href=\"https:\/\/www.youtube.com\/watch?v=HqCHVVveTjE\">Adventskrans med juststj\u00e4rnor i bakform<\/a> f\u00e5r du reda p\u00e5 allt du beh\u00f6ver veta f\u00f6r att g\u00f6ra en modern, r\u00f6d och vit DIY adventskrans med hj\u00e4lp av endast en bakform, minijulstj\u00e4rnor och mossa.<\/p>\n<\/div>\n\n\n\n<div class=\"wp-block-column is-layout-flow wp-block-column-is-layout-flow\">\n<figure class=\"wp-block-image size-full\"><img loading=\"lazy\" decoding=\"async\" width=\"875\" height=\"1050\" src=\"https:\/\/starsforeurope.com\/se\/wp-content\/uploads\/sites\/15\/2023\/10\/2016_Weihnachtsstern_DIY_Backform_06.jpg\" alt=\"\" class=\"wp-image-7341\" srcset=\"https:\/\/starsforeurope.com\/se\/wp-content\/uploads\/sites\/15\/2023\/10\/2016_Weihnachtsstern_DIY_Backform_06.jpg 875w, https:\/\/starsforeurope.com\/se\/wp-content\/uploads\/sites\/15\/2023\/10\/2016_Weihnachtsstern_DIY_Backform_06-250x300.jpg 250w, https:\/\/starsforeurope.com\/se\/wp-content\/uploads\/sites\/15\/2023\/10\/2016_Weihnachtsstern_DIY_Backform_06-853x1024.jpg 853w, https:\/\/starsforeurope.com\/se\/wp-content\/uploads\/sites\/15\/2023\/10\/2016_Weihnachtsstern_DIY_Backform_06-768x922.jpg 768w, https:\/\/starsforeurope.com\/se\/wp-content\/uploads\/sites\/15\/2023\/10\/2016_Weihnachtsstern_DIY_Backform_06-563x675.jpg 563w\" sizes=\"auto, (max-width: 875px) 100vw, 875px\" \/><\/figure>\n<\/div>\n<\/div>\n\n\n\n<div class=\"wp-block-columns is-layout-flex wp-container-core-columns-is-layout-28f84493 wp-block-columns-is-layout-flex\">\n<div class=\"wp-block-column is-layout-flow wp-block-column-is-layout-flow\">\n<figure class=\"wp-block-image size-full\"><img loading=\"lazy\" decoding=\"async\" width=\"875\" height=\"1050\" src=\"https:\/\/starsforeurope.com\/se\/wp-content\/uploads\/sites\/15\/2023\/10\/2021_poinsettia_06000_Candy_Colour_Christmas_14.jpg\" alt=\"\" class=\"wp-image-7343\" srcset=\"https:\/\/starsforeurope.com\/se\/wp-content\/uploads\/sites\/15\/2023\/10\/2021_poinsettia_06000_Candy_Colour_Christmas_14.jpg 875w, https:\/\/starsforeurope.com\/se\/wp-content\/uploads\/sites\/15\/2023\/10\/2021_poinsettia_06000_Candy_Colour_Christmas_14-250x300.jpg 250w, https:\/\/starsforeurope.com\/se\/wp-content\/uploads\/sites\/15\/2023\/10\/2021_poinsettia_06000_Candy_Colour_Christmas_14-853x1024.jpg 853w, https:\/\/starsforeurope.com\/se\/wp-content\/uploads\/sites\/15\/2023\/10\/2021_poinsettia_06000_Candy_Colour_Christmas_14-768x922.jpg 768w, https:\/\/starsforeurope.com\/se\/wp-content\/uploads\/sites\/15\/2023\/10\/2021_poinsettia_06000_Candy_Colour_Christmas_14-563x675.jpg 563w\" sizes=\"auto, (max-width: 875px) 100vw, 875px\" \/><\/figure>\n<\/div>\n\n\n\n<div class=\"wp-block-column is-layout-flow wp-block-column-is-layout-flow\">\n<h3 class=\"wp-block-heading\">Id\u00e9 4: H\u00e4ngande adventskrans i romantisk pastell med skurna julstj\u00e4rnor<\/h3>\n\n\n\n<p>Denna sv\u00e4vande krans \u00e4r ett platsbesparande alternativ till den klassiska bordskransen. Med en ljush\u00e5llarkrans i metall kan du snabbt designa den sj\u00e4lv.\n<br>\n<br>F\u00f6r att g\u00f6ra detta, t\u00e4ck metallramen helt med nypongrenar. F\u00e4st sedan fyra blomr\u00f6r mellan ljush\u00e5llarna med st\u00e5ltr\u00e5d, fyll dem med vatten och s\u00e4tt i aprikosf\u00e4rgade skurna julstj\u00e4rnor.\n<br>\n<br>S\u00e4tt slutligen ljus i matchande f\u00e4rg i de medf\u00f6ljande h\u00e5llarna. H\u00e4ng upp den. Klar!<\/p>\n<\/div>\n<\/div>\n<\/div>\n<\/div>\n\n\n\n<div class=\"wp-block-columns is-layout-flex wp-container-core-columns-is-layout-28f84493 wp-block-columns-is-layout-flex\">\n<div class=\"wp-block-column is-layout-flow wp-block-column-is-layout-flow\">\n<h3 class=\"wp-block-heading\">Id\u00e9 5: \u00d6verd\u00e5dig krans med julstj\u00e4rnor<\/h3>\n\n\n\n<p>Denna design med minijulstj\u00e4rnor \u00e4r lyxig men ocks\u00e5 snabb och enkel att g\u00f6ra sj\u00e4lv. Allt du beh\u00f6ver \u00e4r en urnformad glasvas, en krans av oasis stor nog att vila s\u00e4kert ovanp\u00e5 vasen, julgranskulor, fyra ljush\u00e5llare p\u00e5 pinne, lite mossa, ett par eukalyptuskvistar och klippta julstj\u00e4rna.<\/p>\n\n\n\n<div class=\"wp-block-columns is-layout-flex wp-container-core-columns-is-layout-28f84493 wp-block-columns-is-layout-flex\">\n<div class=\"wp-block-column is-layout-flow wp-block-column-is-layout-flow\">\n<p><\/p>\n\n\n\n<p>N\u00e4r du klipper julstj\u00e4rnorna kommer mj\u00f6lksaft att l\u00e4cka ut. F\u00f6r att stoppa detta ska du omedelbart doppa stj\u00e4lkarna f\u00f6rst i varmt vatten (ca 60\u00b0C) i cirka fem sekunder och sedan direkt i kallt vatten. Detta viktiga steg kommer att f\u00e5 dina julstj\u00e4rnor att h\u00e5lla l\u00e4ngre.\n<br>\n<br>Tips: Resultatet blir \u00e4nnu b\u00e4ttre om du anv\u00e4nder olika sorters julstj\u00e4rnor. De med b\u00f6jda h\u00f6gblad skapar en rik, barock look n\u00e4r de kombineras med glasurnan.<\/p>\n<\/div>\n\n\n\n<div class=\"wp-block-column is-layout-flow wp-block-column-is-layout-flow\">\n<figure class=\"wp-block-image size-full\"><img loading=\"lazy\" decoding=\"async\" width=\"875\" height=\"1050\" src=\"https:\/\/starsforeurope.com\/se\/wp-content\/uploads\/sites\/15\/2022\/09\/2019_poinsettia_02210_DIY_advent_wreath_vase_06.jpg\" alt=\"\" class=\"wp-image-5372\" srcset=\"https:\/\/starsforeurope.com\/se\/wp-content\/uploads\/sites\/15\/2022\/09\/2019_poinsettia_02210_DIY_advent_wreath_vase_06.jpg 875w, https:\/\/starsforeurope.com\/se\/wp-content\/uploads\/sites\/15\/2022\/09\/2019_poinsettia_02210_DIY_advent_wreath_vase_06-250x300.jpg 250w, https:\/\/starsforeurope.com\/se\/wp-content\/uploads\/sites\/15\/2022\/09\/2019_poinsettia_02210_DIY_advent_wreath_vase_06-853x1024.jpg 853w, https:\/\/starsforeurope.com\/se\/wp-content\/uploads\/sites\/15\/2022\/09\/2019_poinsettia_02210_DIY_advent_wreath_vase_06-768x922.jpg 768w, https:\/\/starsforeurope.com\/se\/wp-content\/uploads\/sites\/15\/2022\/09\/2019_poinsettia_02210_DIY_advent_wreath_vase_06-563x675.jpg 563w\" sizes=\"auto, (max-width: 875px) 100vw, 875px\" \/><\/figure>\n<\/div>\n<\/div>\n\n\n\n<div class=\"wp-block-columns is-layout-flex wp-container-core-columns-is-layout-28f84493 wp-block-columns-is-layout-flex\">\n<div class=\"wp-block-column is-layout-flow wp-block-column-is-layout-flow\">\n<p>N\u00e4r du klipper julstj\u00e4rnorna kommer mj\u00f6lksaft att l\u00e4cka ut. F\u00f6r att stoppa detta ska du omedelbart doppa stj\u00e4lkarna f\u00f6rst i varmt vatten (ca 60\u00b0C) i cirka fem sekunder och sedan direkt i kallt vatten. Detta viktiga steg kommer att f\u00e5 dina julstj\u00e4rnor att h\u00e5lla l\u00e4ngre.\n<br>\n<br>Tips: Resultatet blir \u00e4nnu b\u00e4ttre om du anv\u00e4nder olika sorters julstj\u00e4rnor. De med b\u00f6jda h\u00f6gblad skapar en rik, barock look n\u00e4r de kombineras med glasurnan. Du kan ocks\u00e5 se tillverkningen av denna design i den h\u00e4r videon \u201dAdventskrans p\u00e5 glasurna med julstj\u00e4rnor&#8221; \ud83d\ude0a.<\/p>\n<\/div>\n<\/div>\n<\/div>\n<\/div>\n\n\n\n<div class=\"wp-block-columns is-layout-flex wp-container-core-columns-is-layout-28f84493 wp-block-columns-is-layout-flex\">\n<div class=\"wp-block-column is-layout-flow wp-block-column-is-layout-flow\">\n<div class=\"wp-block-columns is-layout-flex wp-container-core-columns-is-layout-28f84493 wp-block-columns-is-layout-flex\">\n<div class=\"wp-block-column is-layout-flow wp-block-column-is-layout-flow\">\n<h3 class=\"wp-block-heading\">Id\u00e9 6: Alternativ adventskrans i upcyclingstil<\/h3>\n\n\n\n<p>Och nu lite mer upcycling, f\u00f6r det \u00e4r ett s\u00e5 bra alternativ till den klassiska adventskransen. Leta fram ditt ullgarn; nu \u00e4r det \u00e4r dags att virka!\n<br>\n<br><strong>S\u00e5 h\u00e4r g\u00f6r du: <\/strong>Plantera en minijulstj\u00e4rna i varsin urdiskad matburk. T\u00e4ck jorden med mossa. Ta fyra st\u00f6rre burkar och fyll med torr oasis. S\u00e4tt i en ljush\u00e5llare med pigg i varje och s\u00e4tt sedan i numrerade ljus fr\u00e5n 1 till 4. Toppa med mer mossa f\u00f6r att t\u00e4cka. Tr\u00e4 de virkade \u00f6verdragen \u00f6ver formarna. Det g\u00f6r inget om lite av metallen syns.\n<br>\n<br><strong>Tips<\/strong>: Anv\u00e4nd alltid en konserv\u00f6ppnare f\u00f6r att \u00f6ppna burkarna, s\u00e5 att det inte blir n\u00e5gra vassa kanter.<\/p>\n<\/div>\n\n\n\n<div class=\"wp-block-column is-layout-flow wp-block-column-is-layout-flow\">\n<figure class=\"wp-block-image size-full\"><img loading=\"lazy\" decoding=\"async\" width=\"875\" height=\"1050\" src=\"https:\/\/starsforeurope.com\/se\/wp-content\/uploads\/sites\/15\/2023\/10\/2017_Weihnachtsstern_Adventsdeko_01.jpg\" alt=\"\" class=\"wp-image-7342\" srcset=\"https:\/\/starsforeurope.com\/se\/wp-content\/uploads\/sites\/15\/2023\/10\/2017_Weihnachtsstern_Adventsdeko_01.jpg 875w, https:\/\/starsforeurope.com\/se\/wp-content\/uploads\/sites\/15\/2023\/10\/2017_Weihnachtsstern_Adventsdeko_01-250x300.jpg 250w, https:\/\/starsforeurope.com\/se\/wp-content\/uploads\/sites\/15\/2023\/10\/2017_Weihnachtsstern_Adventsdeko_01-853x1024.jpg 853w, https:\/\/starsforeurope.com\/se\/wp-content\/uploads\/sites\/15\/2023\/10\/2017_Weihnachtsstern_Adventsdeko_01-768x922.jpg 768w, https:\/\/starsforeurope.com\/se\/wp-content\/uploads\/sites\/15\/2023\/10\/2017_Weihnachtsstern_Adventsdeko_01-563x675.jpg 563w\" sizes=\"auto, (max-width: 875px) 100vw, 875px\" \/><\/figure>\n<\/div>\n<\/div>\n<\/div>\n<\/div>\n\n\n\n<div class=\"wp-block-columns is-layout-flex wp-container-core-columns-is-layout-28f84493 wp-block-columns-is-layout-flex\">\n<div class=\"wp-block-column is-layout-flow wp-block-column-is-layout-flow\">\n<div class=\"wp-block-columns is-layout-flex wp-container-core-columns-is-layout-28f84493 wp-block-columns-is-layout-flex\">\n<div class=\"wp-block-column is-layout-flow wp-block-column-is-layout-flow\">\n<figure class=\"wp-block-image size-full\"><img loading=\"lazy\" decoding=\"async\" width=\"875\" height=\"1050\" src=\"https:\/\/starsforeurope.com\/se\/wp-content\/uploads\/sites\/15\/2022\/08\/2021-poinsettia-01000-boho-green-living-12.jpg\" alt=\"pink poinsettia and advent candles\" class=\"wp-image-4484\" srcset=\"https:\/\/starsforeurope.com\/se\/wp-content\/uploads\/sites\/15\/2022\/08\/2021-poinsettia-01000-boho-green-living-12.jpg 875w, https:\/\/starsforeurope.com\/se\/wp-content\/uploads\/sites\/15\/2022\/08\/2021-poinsettia-01000-boho-green-living-12-250x300.jpg 250w, https:\/\/starsforeurope.com\/se\/wp-content\/uploads\/sites\/15\/2022\/08\/2021-poinsettia-01000-boho-green-living-12-853x1024.jpg 853w, https:\/\/starsforeurope.com\/se\/wp-content\/uploads\/sites\/15\/2022\/08\/2021-poinsettia-01000-boho-green-living-12-768x922.jpg 768w, https:\/\/starsforeurope.com\/se\/wp-content\/uploads\/sites\/15\/2022\/08\/2021-poinsettia-01000-boho-green-living-12-563x675.jpg 563w\" sizes=\"auto, (max-width: 875px) 100vw, 875px\" \/><\/figure>\n<\/div>\n\n\n\n<div class=\"wp-block-column is-layout-flow wp-block-column-is-layout-flow\">\n<h3 class=\"wp-block-heading\">Id\u00e9 7: Romantisk boho krans<\/h3>\n\n\n\n<p>Med denna krans i rosa toner placerar du skurna julstj\u00e4rnor t\u00e4tt intill varandra i en krans av oasis. Julgranskulor och andra prydnader fyller kransens mitt.\n<br>\n<br>L\u00e4gg till torkade blommor och gr\u00e4s, som glixia och rosatonad lagurus, samt f\u00e4rgade kvistar av vide f\u00f6r att ge din <strong>krans<\/strong> en <strong>trendig boho-look<\/strong> som \u00e4r s\u00e5 mycket mer \u00e4n bara romantisk.\n<br>\n<br>Avsluta med att s\u00e4tta dit matchande rosa ljus i ljush\u00e5llare med piggar<\/p>\n<\/div>\n<\/div>\n<\/div>\n<\/div>\n\n\n\n<div class=\"wp-block-columns is-layout-flex wp-container-core-columns-is-layout-28f84493 wp-block-columns-is-layout-flex\">\n<div class=\"wp-block-column is-layout-flow wp-block-column-is-layout-flow\">\n<h2 class=\"wp-block-heading\" id=\"hur-far-jag-mina-bordskransar-med-julstjarnor-att-halla\">Hur f\u00e5r jag mina bordskransar med julstj\u00e4rnor att h\u00e5lla?<\/h2>\n\n\n\n<div class=\"wp-block-columns is-layout-flex wp-container-core-columns-is-layout-28f84493 wp-block-columns-is-layout-flex\">\n<div class=\"wp-block-column is-layout-flow wp-block-column-is-layout-flow\">\n<p>Julstj\u00e4rnor \u00e4r krukv\u00e4xter som inte beh\u00f6ver s\u00e5 mycket underh\u00e5ll och h\u00e5ller l\u00e4nge \u00e4ven som snittblommor. F\u00f6lj bara dessa r\u00e5d f\u00f6r att f\u00e5 dem att trivas i din krans.\n\nF\u00f6r att skurna julstj\u00e4rnor ska h\u00e5lla l\u00e4nge m\u00e5ste du stoppa mj\u00f6lksaften fr\u00e5n att rinna. F\u00f6r att g\u00f6ra detta m\u00e5ste du omedelbart efter sk\u00e4rning, doppa stj\u00e4lkarna i varmt vatten vid cirka 60 grader Celsius i cirka fem sekunder och placera dem sedan omedelbart i f\u00e4rskt, kallt vatten.\n\nOm du sedan ser till att de skurna julstj\u00e4rnorna alltid f\u00f6rses med f\u00e4rskt vatten, st\u00e5r de vackra i cirka tv\u00e5 veckor. Om de b\u00f6rjar vissna, byt bara ut dem mot f\u00e4rska.\n\nDu kan ta reda p\u00e5 mer om hur du hanterar skurna julstj\u00e4rnor p\u00e5 r\u00e4tt s\u00e4tt i bloggartikeln <a href=\"\/se\/blog\/lev-ut-dina-kreativa-dommar-med-julstjarnan-som-snittblomma\/\">Juststj\u00e4rnor som snittblommor<\/a>.\n\nF\u00f6rutom tillr\u00e4ckligt med ljus, v\u00e4rme och en plats skyddad fr\u00e5n drag, beh\u00f6ver julstj\u00e4rnor framf\u00f6r allt regelbunden vattning. L\u00e5t aldrig plantans rotklump torka ut helt och se till att den inte heller blir \u00f6vervattnad.\n\nF\u00f6r minijulstj\u00e4rnor rekommenderar vi vattning genom neds\u00e4nkning. Hitta mer information om korrekt sk\u00f6tsel i artikeln <a href=\"\/se\/blog\/diy-hur-man-gor-en-present-av-minijulstjarnor\/\">Minijulstj\u00e4rnor: presentid\u00e9er och sk\u00f6tseltips<\/a>.<\/p>\n<\/div>\n<\/div>\n<\/div>\n<\/div>","protected":false},"excerpt":{"rendered":"<p>DIY adventskransar med julstj\u00e4rnor \u00e4r i\u00f6gonfallande men \u00e4nd\u00e5 enkla att g\u00f6ra. L\u00e5t dig inspireras av v\u00e5ra id\u00e9er. Julen \u00e4r i ant\u00e5gande!<\/p>\n","protected":false},"featured_media":5380,"template":"two-column-blog-single","blog_cat":[7,6,57],"blog_main":[127,49,128],"class_list":["post-7386","blog","type-blog","status-publish","has-post-thumbnail","hentry","blog_cat-advent-decoration","blog_cat-wedding-decoration","blog_cat-diy","blog_main-adventsdekorationer","blog_main-dekoration","blog_main-diy-upcycling"],"acf":[],"_links":{"self":[{"href":"https:\/\/starsforeurope.com\/se\/wp-json\/wp\/v2\/blog\/7386","targetHints":{"allow":["GET"]}}],"collection":[{"href":"https:\/\/starsforeurope.com\/se\/wp-json\/wp\/v2\/blog"}],"about":[{"href":"https:\/\/starsforeurope.com\/se\/wp-json\/wp\/v2\/types\/blog"}],"version-history":[{"count":19,"href":"https:\/\/starsforeurope.com\/se\/wp-json\/wp\/v2\/blog\/7386\/revisions"}],"predecessor-version":[{"id":7824,"href":"https:\/\/starsforeurope.com\/se\/wp-json\/wp\/v2\/blog\/7386\/revisions\/7824"}],"wp:featuredmedia":[{"embeddable":true,"href":"https:\/\/starsforeurope.com\/se\/wp-json\/wp\/v2\/media\/5380"}],"wp:attachment":[{"href":"https:\/\/starsforeurope.com\/se\/wp-json\/wp\/v2\/media?parent=7386"}],"wp:term":[{"taxonomy":"blog_cat","embeddable":true,"href":"https:\/\/starsforeurope.com\/se\/wp-json\/wp\/v2\/blog_cat?post=7386"},{"taxonomy":"blog_main","embeddable":true,"href":"https:\/\/starsforeurope.com\/se\/wp-json\/wp\/v2\/blog_main?post=7386"}],"curies":[{"name":"wp","href":"https:\/\/api.w.org\/{rel}","templated":true}]}}