{"id":6970,"date":"2021-11-19T10:21:01","date_gmt":"2021-11-19T09:21:01","guid":{"rendered":"https:\/\/starsforeurope.com\/se\/?post_type=blog&#038;p=6970"},"modified":"2025-08-26T11:54:14","modified_gmt":"2025-08-26T09:54:14","slug":"sa-firar-vi-jul-i-europa","status":"publish","type":"blog","link":"https:\/\/starsforeurope.com\/se\/blog\/sa-firar-vi-jul-i-europa\/","title":{"rendered":"S\u00e5 Firar Vi Jul I Europa"},"content":{"rendered":"<div class=\"wp-block-columns is-layout-flex wp-container-core-columns-is-layout-28f84493 wp-block-columns-is-layout-flex\">\r\n<div class=\"wp-block-column is-layout-flow wp-block-column-is-layout-flow\">\r\n<p>Julstj\u00e4rnor, gl\u00f6gg, levande ljus och en adventskalender med 24 luckor \u2013 adventstiden k\u00e4nnetecknas av traditioner. <br \/><br \/>Vi har samlat de roligaste, mest sp\u00e4nnande och konstigaste adventstraditionerna fr\u00e5n Europa<\/p>\r\n<\/div>\r\n<\/div>\r\n\r\n\r\n\r\n<div class=\"wp-block-columns is-layout-flex wp-container-core-columns-is-layout-28f84493 wp-block-columns-is-layout-flex\">\r\n<div class=\"wp-block-column is-layout-flow wp-block-column-is-layout-flow\">\r\n<h2 class=\"wp-block-heading\">Danmark:<\/h2>\r\n\r\n\r\n\r\n<p>Danskarna \u2013 liksom m\u00e5nga andra l\u00e4nder \u2013 har ocks\u00e5 en adventskrans. Den \u00e4r dock vanligtvis inte gjord av v\u00e4xter, utan av br\u00f6d. Ja, verkligen: danska adventskransar \u00e4r gjorda av deg, luktar gott och har till och med ett eget namn, Jule brod.<\/p>\r\n<\/div>\r\n<\/div>\r\n\r\n\r\n\r\n<div class=\"wp-block-columns is-layout-flex wp-container-core-columns-is-layout-28f84493 wp-block-columns-is-layout-flex\">\r\n<div class=\"wp-block-column is-layout-flow wp-block-column-is-layout-flow\">\r\n<h2 class=\"wp-block-heading\">England:<\/h2>\r\n\r\n\r\n\r\n<p>Engelsm\u00e4nnen fokuserar p\u00e5 v\u00e4xter under advent: de dekorerar rikligt med mistel. Den som r\u00e5kar befinna sig under grenen tillsammans med en annan person m\u00e5ste kyssa honom eller henne. J\u00e4rnek \u00e4r ocks\u00e5 mycket popul\u00e4r och representerar fred och f\u00f6rsoning.<\/p>\r\n<\/div>\r\n<\/div>\r\n\r\n\r\n\r\n<div class=\"wp-block-columns is-layout-flex wp-container-core-columns-is-layout-28f84493 wp-block-columns-is-layout-flex\">\r\n<div class=\"wp-block-column is-layout-flow wp-block-column-is-layout-flow\">\r\n<h2 class=\"wp-block-heading\">Italien:<\/h2>\r\n\r\n\r\n\r\n<p>Italienarna firar Marias befruktning redan den 8 december \u2013 och de g\u00f6r det genom att ta in en mycket speciell och mycket stor v\u00e4xt i huset: Den dagen k\u00f6per de en matchande julgran och s\u00e4tter upp den direkt. \u00c4ven krubban \u00e4r uppst\u00e4lld nu.<\/p>\r\n<\/div>\r\n<\/div>\r\n\r\n\r\n\r\n<div class=\"wp-block-columns is-layout-flex wp-container-core-columns-is-layout-28f84493 wp-block-columns-is-layout-flex\">\r\n<div class=\"wp-block-column is-layout-flow wp-block-column-is-layout-flow\">\r\n<h2 class=\"wp-block-heading\">Spanien:<\/h2>\r\n\r\n\r\n\r\n<p>Spanjorerna tar sig an julen med humor. De placerar en mycket speciell figur i krubban. Den s\u00e5 kallade Caganer drar ner byxorna och g\u00f6r sitt jobb. Han ska symbolisera jordens befruktning och naturens kretslopp.<\/p>\r\n<\/div>\r\n<\/div>\r\n\r\n\r\n\r\n<div class=\"wp-block-columns is-layout-flex wp-container-core-columns-is-layout-28f84493 wp-block-columns-is-layout-flex\">\r\n<div class=\"wp-block-column is-layout-flow wp-block-column-is-layout-flow\">\r\n<h2 class=\"wp-block-heading\">Sverige:<\/h2>\r\n\r\n\r\n\r\n<p>Vilka av v\u00e5ra traditioner tycker andra l\u00e4nder \u00e4r konstiga? Ja, det \u00e4r lite sv\u00e5rt att svara p\u00e5. Men v\u00e5ra lussekatter och att fira Lucia den 13 december h\u00f6r i all fall inte till vanligheterna. Julstj\u00e4rnor \u00e4r f\u00f6r m\u00e5nga svenskar ocks\u00e5 en sj\u00e4lvklarhet till jul.<\/p>\r\n<\/div>\r\n<\/div>\r\n\r\n\r\n\r\n<div class=\"wp-block-columns is-layout-flex wp-container-core-columns-is-layout-28f84493 wp-block-columns-is-layout-flex\">\r\n<div class=\"wp-block-column is-layout-flow wp-block-column-is-layout-flow\">\r\n<h2 class=\"wp-block-heading\">Tjeckien:<\/h2>\r\n\r\n\r\n\r\n<p>Tjeckerna har en annan v\u00e4xt \u00e4n julstj\u00e4rnan som har betydelse f\u00f6r advent. Den 4 december klipper man alltid grenar fr\u00e5n ett k\u00f6rsb\u00e4rstr\u00e4d och l\u00e4gger dem i vatten s\u00e5 att de blommar s\u00e5 vackert som m\u00f6jligt till julafton.<\/p>\r\n<\/div>\r\n<\/div>\r\n\r\n\r\n\r\n<div class=\"wp-block-columns is-layout-flex wp-container-core-columns-is-layout-28f84493 wp-block-columns-is-layout-flex\">\r\n<div class=\"wp-block-column is-layout-flow wp-block-column-is-layout-flow\">\r\n<h2 class=\"wp-block-heading\">Tyskland:<\/h2>\r\n\r\n\r\n\r\n<p>Tyskarna \u00e4r traditionella \u2013 s\u00e4rskilt n\u00e4r det g\u00e4ller adventsritualerna. Julstj\u00e4rnor h\u00f6r definitivt julen till i Tyskland och gemene man dekorerar sitt hem med stj\u00e4rnor. En annan typiskt tysk tradition \u00e4r rikt dekorerade adventskransar med fyra ljus i, ofta blockljus, som t\u00e4nds efterhand p\u00e5 samma s\u00e4tt som vi g\u00f6r i Sverige med v\u00e5ra advenstljsstakar.<\/p>\r\n<\/div>\r\n<\/div>\r\n\r\n\r\n\r\n<div class=\"wp-block-columns is-layout-flex wp-container-core-columns-is-layout-28f84493 wp-block-columns-is-layout-flex\">\r\n<div class=\"wp-block-column is-layout-flow wp-block-column-is-layout-flow\">\r\n<div class=\"wp-block-columns is-layout-flex wp-container-core-columns-is-layout-28f84493 wp-block-columns-is-layout-flex\">\r\n<div class=\"wp-block-column is-layout-flow wp-block-column-is-layout-flow\">\r\n<h2 class=\"wp-block-heading\">Ungern:<\/h2>\r\n\r\n\r\n\r\n<p>I Ungern tar adventsfirandet fart p\u00e5 allvar, fr\u00e5n och med den 13 december. Den dagen f\u00e5r ogifta kvinnor inte arbeta \u2013 ist\u00e4llet samlas de med v\u00e4nner och skriver 13 m\u00e4ns namn p\u00e5 13 papper vardera. Fram till jul kastar de bort en varje dag, och det namn som blir kvar \u00e4r deras framtida mans. <br \/><br \/>Men oavsett om adventskransen \u00e4r gjord av br\u00f6d eller om adventskalendern \u00e4r ett ljus, oavsett om folk dekorerar sina hem med mistel, hassel, k\u00f6rsb\u00e4rsgrenar eller julstj\u00e4rnor \u2013 alla traditioner har det gemensamt att de firar f\u00f6rv\u00e4ntningarna p\u00e5 julen i stor utstr\u00e4ckning. Vad kan vara vackrare? <br \/><br \/>Olika typer av adventskalendrar \u00e4r popul\u00e4ra i m\u00e5nga l\u00e4nder i Europa.<\/p>\r\n<\/div>\r\n\r\n\r\n\r\n<div class=\"wp-block-column is-layout-flow wp-block-column-is-layout-flow\">\r\n<figure class=\"wp-block-image size-full\"><img decoding=\"async\" src=\"https:\/\/starsforeurope.com\/se\/wp-content\/uploads\/sites\/15\/2022\/09\/2018_poinsettia_0100_Christmas_Tales_27-1.jpg\" alt=\"\" \/><\/figure>\r\n<\/div>\r\n<\/div>\r\n<\/div>\r\n<\/div>\r\n\r\n<p>&nbsp;<\/p>","protected":false},"excerpt":{"rendered":"<p>Julstj\u00e4rnor, gl\u00f6gg, levande ljus och en adventskalender med 24 luckor \u2013 adventstiden k\u00e4nnetecknas av traditioner. Vi har samlat de roligaste, mest sp\u00e4nnande och konstigaste adventstraditionerna fr\u00e5n Europa Danmark: Danskarna \u2013 liksom m\u00e5nga andra l\u00e4nder \u2013 har ocks\u00e5 en adventskrans. Den \u00e4r dock vanligtvis inte gjord av v\u00e4xter, utan av br\u00f6d. Ja, verkligen: danska adventskransar \u00e4r [&hellip;]<\/p>\n","protected":false},"featured_media":5292,"template":"two-column-blog-single","blog_cat":[64],"blog_main":[51,123],"class_list":["post-6970","blog","type-blog","status-publish","has-post-thumbnail","hentry","blog_cat-history","blog_main-kunskap","blog_main-vart-att-veta"],"acf":[],"_links":{"self":[{"href":"https:\/\/starsforeurope.com\/se\/wp-json\/wp\/v2\/blog\/6970","targetHints":{"allow":["GET"]}}],"collection":[{"href":"https:\/\/starsforeurope.com\/se\/wp-json\/wp\/v2\/blog"}],"about":[{"href":"https:\/\/starsforeurope.com\/se\/wp-json\/wp\/v2\/types\/blog"}],"version-history":[{"count":3,"href":"https:\/\/starsforeurope.com\/se\/wp-json\/wp\/v2\/blog\/6970\/revisions"}],"predecessor-version":[{"id":7713,"href":"https:\/\/starsforeurope.com\/se\/wp-json\/wp\/v2\/blog\/6970\/revisions\/7713"}],"wp:featuredmedia":[{"embeddable":true,"href":"https:\/\/starsforeurope.com\/se\/wp-json\/wp\/v2\/media\/5292"}],"wp:attachment":[{"href":"https:\/\/starsforeurope.com\/se\/wp-json\/wp\/v2\/media?parent=6970"}],"wp:term":[{"taxonomy":"blog_cat","embeddable":true,"href":"https:\/\/starsforeurope.com\/se\/wp-json\/wp\/v2\/blog_cat?post=6970"},{"taxonomy":"blog_main","embeddable":true,"href":"https:\/\/starsforeurope.com\/se\/wp-json\/wp\/v2\/blog_main?post=6970"}],"curies":[{"name":"wp","href":"https:\/\/api.w.org\/{rel}","templated":true}]}}