{"id":5621,"date":"2020-10-08T10:11:32","date_gmt":"2020-10-08T08:11:32","guid":{"rendered":"https:\/\/weihnachtsstern.kinsta.cloud\/ro\/?post_type=press&#038;p=5621"},"modified":"2025-07-09T12:41:13","modified_gmt":"2025-07-09T09:41:13","slug":"decorul-natural-inspirat-de-craciunite-craciunitele-aduc-o-stralucire-naturala","status":"publish","type":"press","link":"https:\/\/starsforeurope.com\/ro\/press\/decorul-natural-inspirat-de-craciunite-craciunitele-aduc-o-stralucire-naturala\/","title":{"rendered":"Decorul natural inspirat de cr\u0103ciuni\u021be. Cr\u0103ciuni\u021bele aduc o str\u0103lucire natural\u0103"},"content":{"rendered":"<div class=\"wp-block-columns is-layout-flex wp-container-core-columns-is-layout-28f84493 wp-block-columns-is-layout-flex\">\r\n<div class=\"wp-block-column is-layout-flow wp-block-column-is-layout-flow\">\r\n<p>Decora\u021biile naturale sunt \u00een trend acum. Designul interior \u00ee\u0219i \u00eentoarce privirea c\u0103tre plante \u0219i materiale naturale ca accesorii potrivite pentru a oferi casei o atmosfer\u0103 prietenoas\u0103 \u0219i confortabil\u0103 ce invit\u0103 la relaxare. Toamna \u0219i iarna sunt anotimpurile unde cr\u0103ciuni\u021bele devin cele mai r\u00e2vnite, devenind un accesoriu esen\u021bial \u00een definirea stilului interior. Camerele str\u0103lucesc mai puternic iarna datorit\u0103 bracteelor acestor plante uimitoare. Exper\u021bii de la Stars for Europe expun mai jos diferite stiluri \u00een care cr\u0103ciuni\u021bele sunt folosite ca p\u0103r\u021bi esen\u021biale ale decorului.<\/p>\r\n<\/div>\r\n<\/div>\r\n\r\n\r\n\r\n<div class=\"wp-block-columns is-layout-flex wp-container-core-columns-is-layout-28f84493 wp-block-columns-is-layout-flex\">\r\n<div class=\"wp-block-column is-layout-flow wp-block-column-is-layout-flow\">\r\n<div class=\"wp-block-columns is-layout-flex wp-container-core-columns-is-layout-28f84493 wp-block-columns-is-layout-flex\">\r\n<div class=\"wp-block-column is-layout-flow wp-block-column-is-layout-flow\">\r\n<h2 class=\"wp-block-heading\">Un stil de via\u021b\u0103 verde<\/h2>\r\n\r\n\r\n\r\n<p>A\u0219eaz\u0103-te \u0219i relaxeaz\u0103-te. Camera \u00eenverze\u0219te chiar sub ochii t\u0103i. Plantele \u0219i alte materiale naturale joac\u0103 un rol esen\u021bial \u00een modelarea trendului actual spre un stil de via\u021b\u0103 verde. O p\u0103dure de iarn\u0103 le ofer\u0103 iubitorilor de natur\u0103 o diversitate aproape infinit\u0103 de crengu\u021be, conuri \u0219i alte materiale naturale, at\u00e2t de populare \u0219i de frumoase \u00een rolul lor de accesorii decorative festive. <br \/><br \/>O mas\u0103 rustic\u0103 din lemn, ziduri goale \u00een culori subtile \u0219i un brad nedecorat, toate alc\u0103tuind \u00eempreun\u0103 un fundal perfect \u00een contextul festiv. Starurile acestui decor vor fi cr\u0103ciuni\u021bele \u0219i accesoriile \u00een culori aurii, ro\u0219ii \u0219i argintii. <br \/><br \/>Stil verde modern cu o nuan\u021b\u0103 de vintage: tonurile de verde-deschis au un efect natural ce creeaz\u0103 o atmosfer\u0103 calm\u0103 \u0219i relaxant\u0103. Iar culorile intense ale cr\u0103ciuni\u021bei ofer\u0103 un contrast pl\u0103cut cu natura moart\u0103 a iernii. <br \/><br \/>\u00cempreun\u0103 cu \u00eempletiturile clasice dintre ramurile de brad \u0219i conuri, cr\u0103ciuni\u021bele ofer\u0103 un accent superb \u0219i radiant. <br \/><br \/>Br\u0103du\u021bii pu\u0219i \u00een fa\u021ba unui panou cu un peisaj natural exterior aduc \u00een\u0103untru pl\u0103cerea naturii. Cr\u0103ciuni\u021bele \u00een ghivece din ratan \u00eent\u0103resc senza\u021bia festiv\u0103 a iernii, \u00een timp ce globurile argintii, conurile \u0219i cadourile \u00eempachetate sunt simbolul Cr\u0103ciunului.<\/p>\r\n<\/div>\r\n<\/div>\r\n<\/div>\r\n<\/div>\r\n\r\n\r\n\r\n<div class=\"wp-block-columns is-layout-flex wp-container-core-columns-is-layout-28f84493 wp-block-columns-is-layout-flex\">\r\n<div class=\"wp-block-column is-layout-flow wp-block-column-is-layout-flow\">\r\n<div class=\"wp-block-columns is-layout-flex wp-container-core-columns-is-layout-28f84493 wp-block-columns-is-layout-flex\">\r\n<div class=\"wp-block-column is-layout-flow wp-block-column-is-layout-flow\">\r\n<h2 class=\"wp-block-heading\">C\u0103ldura sezonului festiv<\/h2>\r\n\r\n\r\n\r\n<p>Adu armonie c\u0103minului pe timp de iarn\u0103 \u0219i umple-l cu spiritul unui Cr\u0103ciun c\u0103lduros. Culorile calde \u0219i tonurile p\u0103m\u00e2ntii pot transforma \u00eempreun\u0103 c\u0103minul t\u0103u \u00eentr-o oaz\u0103 de lini\u0219te ce invit\u0103 la relaxare \u0219i desf\u0103tare. Un ghiveci \u00een form\u0103 de bol cu cr\u0103ciuni\u021be crem-auriu pus al\u0103turi de crengi de brad \u0219i flori uscate alc\u0103tuiesc o imagine natural\u0103 \u0219i fermec\u0103toare. <br \/><br \/>Cr\u0103ciuni\u021ba crem-auriu merge cel mai bine \u00eentr-un ghiveci simplu, gri, pe o scar\u0103 din lemn, \u00eempreun\u0103 cu una sau dou\u0103 lum\u00e2n\u0103ri \u0219i c\u00e2teva flori uscate. Acest aranjament, \u00eempreun\u0103 cu jocul de umbre, creeaz\u0103 un efect calm \u0219i subtil ce radiaz\u0103 \u00een toat\u0103 camera. <br \/><br \/>Florile uscate sunt \u00een vog\u0103 acum. Desenele cu teme botanice decoreaz\u0103 pere\u021bii, \u00eens\u0103 s\u0103 nu uit\u0103m de adev\u0103ratele plante &#8211; cele vii. Iarna, o cr\u0103ciuni\u021b\u0103 crem-auriu se amestec\u0103 cu orice stil \u0219i aduce un sentiment de c\u0103ldur\u0103 camerei. <br \/><br \/>Ori, dac\u0103 dore\u0219ti ceva \u00een stilul shabby-chic, cr\u0103ciuni\u021bele pot str\u0103luci ca o lumin\u0103 de cr\u0103ciun a\u0219ezat\u0103 la geam pe timpul iernii. Pe un platou din lemn rustic, a\u0219ezate \u00een ghivece din lut \u0219i al\u0103turi de conuri \u0219i crengi de brad, cr\u0103ciuni\u021bele vor atrage toate privirile cum numai elementele naturale de decora\u021biune \u0219tiu s\u0103 o fac\u0103.<\/p>\r\n<\/div>\r\n<\/div>\r\n<\/div>\r\n<\/div>\r\n\r\n\r\n\r\n<div class=\"wp-block-columns is-layout-flex wp-container-core-columns-is-layout-28f84493 wp-block-columns-is-layout-flex\">\r\n<div class=\"wp-block-column is-layout-flow wp-block-column-is-layout-flow\">\r\n<div class=\"wp-block-columns is-layout-flex wp-container-core-columns-is-layout-28f84493 wp-block-columns-is-layout-flex\">\r\n<div class=\"wp-block-column is-layout-flow wp-block-column-is-layout-flow\">\r\n<h2 class=\"wp-block-heading\">Cr\u0103ciun \u00een nuan\u021be \u00eembujorate<\/h2>\r\n\r\n\r\n\r\n<p>Fie c\u0103 vorbim de mod\u0103, cosmetice sau design interior, culorile blush sunt \u00een trend. Cr\u0103ciuni\u021bele \u00een culori calde, roz, trandafiriu ori \u00een culori de cais\u0103 sau somon, lumineaz\u0103 \u00eenc\u0103perile \u00eencep\u00e2nd chiar din luna octombrie, oferind accente minunate de culoare care se potrivesc perfect decorurilor minimaliste. <br \/><br \/>Ca pies\u0103 central\u0103 decorativ\u0103, de lux, cr\u0103ciuni\u021bele roz, pe o tav\u0103 vintage argintie capteaz\u0103 privirea \u0219i eviden\u021bieaz\u0103 atmosfera cald\u0103 \u0219i confortabil\u0103 a \u00eenc\u0103perii. <br \/><br \/>Aceast\u0103 expunere romantic\u0103 a Cr\u0103ciunului ofer\u0103 mult mai mult dec\u00e2t conurile verzi banale \u0219i este \u0219i u\u0219or de recreat. Trebuie doar s\u0103 pune\u021bi un suport de spum\u0103 floral\u0103 \u00eentr-un ghiveci destul de \u00eenc\u0103p\u0103tor ori pe farfuria acestuia \u0219i s\u0103 decora\u021bi folosind lum\u00e2n\u0103ri, cr\u0103ciuni\u021be, trandafiri, hortensii \u0219i crengi de fructe de p\u0103dure. <br \/><br \/>Ceaiul de Cr\u0103ciun: cr\u0103ciuni\u021bele de culoarea caiselor se potrivesc perfect printre mobila de bambus, ratan sau de r\u0103chit\u0103, cre\u00e2nd o atmosfer\u0103 c\u0103lduroas\u0103.<\/p>\r\n<\/div>\r\n<\/div>\r\n<\/div>\r\n<\/div>\r\n\r\n\r\n\r\n<div class=\"wp-block-columns is-layout-flex wp-container-core-columns-is-layout-28f84493 wp-block-columns-is-layout-flex\">\r\n<div class=\"wp-block-column is-layout-flow wp-block-column-is-layout-flow\">\r\n<div class=\"wp-block-columns is-layout-flex wp-container-core-columns-is-layout-28f84493 wp-block-columns-is-layout-flex\">\r\n<div class=\"wp-block-column is-layout-flow wp-block-column-is-layout-flow\">\r\n<h2 class=\"wp-block-heading\">Cas\u0103 rustic\u0103 de cr\u0103ciun<\/h2>\r\n\r\n\r\n\r\n<p>Cr\u0103ciun \u00een stil pentru o cas\u0103 confortabil\u0103 la \u021bar\u0103: de la mobil\u0103 numai din lemn \u0219i p\u00e2n\u0103 la bradul superb decorat; Accesorii cuceritoare din lumini\u021be ca de basm \u0219i p\u00e2n\u0103 la cr\u0103ciuni\u021bele ro\u0219ii tradi\u021bionale, toate acestea vor face \u00eenc\u0103perea s\u0103 radieze de c\u0103ldur\u0103, invit\u00e2nd oaspe\u021bii s\u0103 se relaxeze c\u00e2t mai mult. <br \/><br \/>\u00centr-o cutie veche din lemn, plasarea c\u00e2torva nuci, mere, mandarine \u0219i cr\u0103ciuni\u021be creeaz\u0103 acel moment de nostalgie a s\u0103rb\u0103torilor. <br \/><br \/>Buc\u0103t\u0103ria acestei case rustice are o str\u0103lucire festiv\u0103 mul\u021bumit\u0103 tradi\u021bionalelor cr\u0103ciuni\u021be ro\u0219ii \u00een diferite m\u0103rimi, de la cele \u00een miniatur\u0103 p\u00e2n\u0103 la cele cu tulpin\u0103 \u00eenalt\u0103. <br \/><br \/>Dup\u0103 ce sunt t\u0103iate, cr\u0103ciuni\u021bele au avantajul frunzelor colorate \u0219i duratei lungi \u00een care r\u0103m\u00e2n \u00eenflorite. Acest buchet de cr\u0103ciuni\u021be proasp\u0103t t\u0103iate merge excelent \u00eentr-o vaz\u0103 de sticl\u0103 \u00eempreun\u0103 cu p\u0103puri\u0219, salcie \u0219i diferite flori uscate, ornamentate cu flori de paie uscate. Un sfat: imediat dup\u0103 t\u0103iere, pune\u021bi tulpinile t\u0103iate ale cr\u0103ciuni\u021belor pentru c\u00e2teva secunde \u00een ap\u0103 la 60\u00b0C \u0219i apoi imediat \u00een ap\u0103 rece, apoi pune\u021bi-le \u00een tuburi pentru flori umplute cu ap\u0103. <br \/><br \/>Cas\u0103 rustic\u0103 \u0219i cu ornamente stil vintage chic: acest col\u021b de birou este decorat cu piese rustice naturale \u0219i accesorii atent selectate. Piesa de rezisten\u021b\u0103 este o cr\u0103ciuni\u021b\u0103 superb\u0103 roz. <br \/><br \/>Stilul vintage: frunzele ro\u0219ii ale unei mini-cr\u0103ciuni\u021be str\u0103lucesc dincolo de geamul unui terrarium clasic. Folosi\u021bi materiale naturale, precum frunzi\u0219 de pin sau conuri pentru accesorii decorative. <br \/><br \/>Casa rustic\u0103 se \u00eent\u00e2lne\u0219te cu stilul vintage chic: un co\u0219 cu cr\u0103ciuni\u021be \u00eenc\u00e2nt\u0103toare \u0219i o vaz\u0103 cu flori uscate \u0219i ierburi sunt expuse pe acest calandru din font\u0103.<\/p>\r\n<\/div>\r\n<\/div>\r\n<\/div>\r\n<\/div>\r\n\r\n<p>&nbsp;<\/p>","protected":false},"excerpt":{"rendered":"<p>Natura este la mod\u0103 \u00een materie de stiluri de decorare. \u00cen designul de interior, stilurile naturale, cum ar fi Green Living, Christmas Blush sau Country Charm ofer\u0103 cr\u0103ciuni\u021belor un spa\u021biu de prezentare ideal. Convinge\u021bi-v\u0103! <\/p>\n","protected":false},"featured_media":5316,"template":"two-column-press","press_cat":[111],"press_main":[53,138,147],"class_list":["post-5621","press","type-press","status-publish","has-post-thumbnail","hentry","press_cat-decoration-tips","press_main-comunicate-de-presa","press_main-decoratiuni","press_main-decoratiuni-de-masa"],"acf":[],"_links":{"self":[{"href":"https:\/\/starsforeurope.com\/ro\/wp-json\/wp\/v2\/press\/5621","targetHints":{"allow":["GET"]}}],"collection":[{"href":"https:\/\/starsforeurope.com\/ro\/wp-json\/wp\/v2\/press"}],"about":[{"href":"https:\/\/starsforeurope.com\/ro\/wp-json\/wp\/v2\/types\/press"}],"version-history":[{"count":16,"href":"https:\/\/starsforeurope.com\/ro\/wp-json\/wp\/v2\/press\/5621\/revisions"}],"predecessor-version":[{"id":7360,"href":"https:\/\/starsforeurope.com\/ro\/wp-json\/wp\/v2\/press\/5621\/revisions\/7360"}],"wp:featuredmedia":[{"embeddable":true,"href":"https:\/\/starsforeurope.com\/ro\/wp-json\/wp\/v2\/media\/5316"}],"wp:attachment":[{"href":"https:\/\/starsforeurope.com\/ro\/wp-json\/wp\/v2\/media?parent=5621"}],"wp:term":[{"taxonomy":"press_cat","embeddable":true,"href":"https:\/\/starsforeurope.com\/ro\/wp-json\/wp\/v2\/press_cat?post=5621"},{"taxonomy":"press_main","embeddable":true,"href":"https:\/\/starsforeurope.com\/ro\/wp-json\/wp\/v2\/press_main?post=5621"}],"curies":[{"name":"wp","href":"https:\/\/api.w.org\/{rel}","templated":true}]}}