{"id":6932,"date":"2023-12-16T08:16:44","date_gmt":"2023-12-16T07:16:44","guid":{"rendered":"https:\/\/starsforeurope.com\/hu\/?post_type=press&#038;p=6932"},"modified":"2025-09-05T08:07:30","modified_gmt":"2025-09-05T06:07:30","slug":"az-advent-sztarja-egyedi-diy-unnepi-dekoracios-otletek-mikulasviraggal","status":"publish","type":"press","link":"https:\/\/starsforeurope.com\/hu\/press\/az-advent-sztarja-egyedi-diy-unnepi-dekoracios-otletek-mikulasviraggal\/","title":{"rendered":"Az advent szt\u00e1rja. Egyedi DIY \u00fcnnepi dekor\u00e1ci\u00f3s \u00f6tletek mikul\u00e1svir\u00e1ggal"},"content":{"rendered":"<div class=\"wp-block-columns is-layout-flex wp-container-core-columns-is-layout-28f84493 wp-block-columns-is-layout-flex\">\n<div class=\"wp-block-column is-layout-flow wp-block-column-is-layout-flow\">\n<p>Az \u00fcnnepi id\u0151szakban nagyobb kedvvel \u00e1llunk neki k\u00e9zm\u0171veskedni \u00e9s d\u00edsz\u00edteni, ezekben a tev\u00e9kenys\u00e9gekben\u00a0 pedig nagyszer\u0171 partner a mikul\u00e1svir\u00e1g. A Stars for Europe (SfE) szak\u00e9rt\u0151i most olyan mikul\u00e1svir\u00e1g DIY \u00f6tleteket osztanak meg, amelyek gondoskodnak az \u00fcnnepi hangulatr\u00f3l.<\/p>\n<\/div>\n\n<\/div>\n\n\n<div class=\"wp-block-columns is-layout-flex wp-container-core-columns-is-layout-28f84493 wp-block-columns-is-layout-flex\">\n<div class=\"wp-block-column is-layout-flow wp-block-column-is-layout-flow\">\n<div class=\"wp-block-columns is-layout-flex wp-container-core-columns-is-layout-28f84493 wp-block-columns-is-layout-flex\">\n<div class=\"wp-block-column is-layout-flow wp-block-column-is-layout-flow\">\n<h2 class=\"wp-block-heading\">Ragyog\u00f3 mikul\u00e1svir\u00e1g-csokor<\/h2>\n\n<p>Ha egy csokorba szedj\u00fck a mikul\u00e1svir\u00e1got, a mocs\u00e1ri magyalt (Ilex verticillata ) \u00e9s n\u00e9mi f\u0171sz\u00e1r\u00edtm\u00e1nyt, garant\u00e1ltan k\u00fcl\u00f6nleges d\u00edsz kapunk! Nemcsak maa a kompoz\u00edci\u00f3 figyelemrem\u00e9lt\u00f3, hanem az is, hogy mennyire egyszer\u0171 az elk\u00e9sz\u00edt\u00e9se. A k\u00e9zm\u0171vesked\u00e9s sor\u00e1n sz\u00fcks\u00e9g lesz mini mikul\u00e1svir\u00e1gra, mocs\u00e1ri magyalra, dekorat\u00edv f\u0171sz\u00e1r\u00edtm\u00e1nyra, p\u00e9ld\u00e1ul a rezg\u0151p\u00e1zsitra (Briza media, itt pirosra festett), k\u00e9mcs\u00f6vekre, k\u00e9zm\u0171ves dr\u00f3tra, piros szalagra, metsz\u0151oll\u00f3ra \u00e9s egy v\u00e1z\u00e1ra.\r<br>\r<br>\u00cdgy kell elk\u00e9sz\u00edteni: els\u0151 l\u00e9p\u00e9sk\u00e9nt r\u00f6gz\u00edteni kell a k\u00e9mcs\u00f6veket a mocs\u00e1ri magyal sz\u00e1raihoz a k\u00e9zm\u0171ves dr\u00f3t seg\u00edts\u00e9g\u00e9vel, majd ezeket \u00f6sszek\u00f6tni a t\u00f6bbi sz\u00e1rral \u00e9s f\u0171sz\u00e1r\u00edtm\u00e1nnyal a piros szalagot haszn\u00e1lva. Ezut\u00e1n a k\u00e9mcs\u00f6veket meg kell t\u00f6lteni v\u00edzzel, majd elhelyezni benn\u00fck a v\u00e1gott mikul\u00e1svir\u00e1got, v\u00e9g\u00fcl pedig az eg\u00e9sz csokrot bele lehet helyezni egy friss v\u00edzzel teli v\u00e1z\u00e1ba.<\/p>\n<\/div>\n\n\n<\/div>\n\n\n\n<div class=\"wp-block-columns is-layout-flex wp-container-core-columns-is-layout-28f84493 wp-block-columns-is-layout-flex\">\n<div class=\"wp-block-column is-layout-flow wp-block-column-is-layout-flow\">\n<figure class=\"wp-block-image size-full\"><img decoding=\"async\" src=\"https:\/\/starsforeurope.com\/hu\/wp-content\/uploads\/sites\/22\/2023\/06\/asset-13.jpg\" alt=\"\"><\/figure>\n\n<\/div>\n\n\n\n<div class=\"wp-block-column is-layout-flow wp-block-column-is-layout-flow\">\n<figure class=\"wp-block-image size-full\"><img decoding=\"async\" src=\"https:\/\/starsforeurope.com\/hu\/wp-content\/uploads\/sites\/22\/2023\/06\/asset-12.jpg\" alt=\"\"><\/figure>\n\n<\/div>\n\n\n\n<div class=\"wp-block-column is-layout-flow wp-block-column-is-layout-flow\">\n<figure class=\"wp-block-image size-full\"><img decoding=\"async\" src=\"https:\/\/starsforeurope.com\/hu\/wp-content\/uploads\/sites\/22\/2023\/06\/asset-11.jpg\" alt=\"\"><\/figure>\n\n<\/div>\n\n\n\n<div class=\"wp-block-column is-layout-flow wp-block-column-is-layout-flow\">\n<figure class=\"wp-block-image size-full\"><img decoding=\"async\" src=\"https:\/\/starsforeurope.com\/hu\/wp-content\/uploads\/sites\/22\/2023\/06\/asset-10.jpg\" alt=\"\"><\/figure>\n\n<\/div>\n\n\n<\/div>\n\n\n\n<h2 class=\"wp-block-heading\">Csillagokkal teli t\u00e1l, hogy az asztal is \u00fcnnepi d\u00edszben pomp\u00e1zzon<\/h2>\n\n<div class=\"wp-block-columns is-layout-flex wp-container-core-columns-is-layout-28f84493 wp-block-columns-is-layout-flex\">\n<div class=\"wp-block-column is-layout-flow wp-block-column-is-layout-flow\">\n<p>Egy magyallal \u00e9s mikul\u00e1svir\u00e1ggal be\u00fcltetett d\u00edszt\u00e1l k\u00fcl\u00f6nleges d\u00edsze lehet az \u00fcnnepi asztalnak. Egy kev\u00e9s k\u00e9zm\u0171ves \u00e9rz\u00e9kkel mi is elk\u00e9sz\u00edthetj\u00fck ezt a DIY \u00f6tletet.\r<br>\r<br>Sz\u00fcks\u00e9g lesz egy j\u00f3 min\u0151s\u00e9g\u0171 m\u0171anyag \u00fcltet\u0151t\u00e1lra, mini mikul\u00e1svir\u00e1gra, t\u00f6bb sz\u00e1r mocs\u00e1ri magyalra, komposztra, moh\u00e1ra, vastag \u00e9s v\u00e9kony arany sz\u00edn\u0171 dr\u00f3tra, f\u00far\u00f3ra, dr\u00f3tv\u00e1g\u00f3ra \u00e9s metsz\u0151oll\u00f3ra. \u00cdgy kell elk\u00e9sz\u00edteni:\r<br>\r<br><em>Els\u0151 l\u00e9p\u00e9s:<\/em> A f\u00far\u00f3g\u00e9p seg\u00edts\u00e9g\u00e9vel kb. 5 centim\u00e9terenk\u00e9nt k\u00e9sz\u00edts\u00fcnk lyukakat a t\u00e1l fels\u0151 r\u00e9sz\u00e9n. \u00c9rdemes \u00fcgyelni arra, hogy a lyukak \u00e9s a perem k\u00f6z\u00f6tt elegend\u0151 t\u00e1vols\u00e1g maradjon.\r<br>\r<br><em>M\u00e1sodik l\u00e9p\u00e9s<\/em>: A dr\u00f3tv\u00e1g\u00f3val v\u00e1gjunk le egy kb. 25 cm hossz\u00fa darabot a vastag aranysz\u00edn\u0171 dr\u00f3tb\u00f3l minden lyukhoz.<\/p>\n<\/div>\n\n\n\n<div class=\"wp-block-column is-layout-flow wp-block-column-is-layout-flow\">\n<figure class=\"wp-block-image size-full\"><img decoding=\"async\" src=\"https:\/\/starsforeurope.com\/hu\/wp-content\/uploads\/sites\/22\/2023\/06\/asset-14.jpg\" alt=\"\"><\/figure>\n\n<\/div>\n\n\n<\/div>\n\n\n\n<p>Ezut\u00e1n hajtsuk kett\u00e9 a dr\u00f3tdarabokat, \u00edgy megdupl\u00e1zva azokat \u00e9s mindegyiket toljuk \u00e1t az el\u0151f\u00fart lyukakon a z\u00e1rt v\u00e9g\u00fckkel el\u0151re. Nyitott v\u00e9geikb\u0151l alak\u00edtsunk hurkot, hogy a dr\u00f3tdarabok ne cs\u00fasszanak ki a hely\u00fckr\u0151l.\r<br>\r<br><em>Harmadik l\u00e9p\u00e9s:<\/em> Nyissuk sz\u00e9t a dr\u00f3tok nyitott v\u00e9geit \u00e9s csavarjuk a k\u00e9t v\u00e9g k\u00f6z\u00fcl az egyiket el\u0151sz\u00f6r a szomsz\u00e9dos dr\u00f3thossz k\u00f6r\u00e9, majd vissza a m\u00e1sik fel\u00e9re \u00fagy, hogy dr\u00f3th\u00e1l\u00f3t hozzanak l\u00e9tre.\r<br>\r<br><em>Negyedik l\u00e9p\u00e9s:<\/em> T\u00f6lts\u00fck meg a t\u00e1lat komposzttal \u00e9s \u00fcltess\u00fck el benne a mini mikul\u00e1svir\u00e1got szorosan egym\u00e1s mell\u00e9. Ami ter\u00fclet m\u00e9gis kimarad a n\u00f6v\u00e9nyek k\u00f6z\u00f6tt, azt fedj\u00fck be moh\u00e1val.<\/p>\n\n<div class=\"wp-block-columns is-layout-flex wp-container-core-columns-is-layout-28f84493 wp-block-columns-is-layout-flex\">\n<div class=\"wp-block-column is-layout-flow wp-block-column-is-layout-flow\">\n<figure class=\"wp-block-image size-full\"><img decoding=\"async\" src=\"https:\/\/starsforeurope.com\/hu\/wp-content\/uploads\/sites\/22\/2023\/06\/2023_poinsettia_03120_DIY_Glowing_W.jpg\" alt=\"\"><\/figure>\n\n<\/div>\n\n\n\n<div class=\"wp-block-column is-layout-flow wp-block-column-is-layout-flow\">\n<figure class=\"wp-block-image size-full\"><img decoding=\"async\" src=\"https:\/\/starsforeurope.com\/hu\/wp-content\/uploads\/sites\/22\/2023\/06\/asset-9.jpg\" alt=\"\"><\/figure>\n\n<\/div>\n\n\n\n<div class=\"wp-block-column is-layout-flow wp-block-column-is-layout-flow\">\n<figure class=\"wp-block-image size-full\"><img decoding=\"async\" src=\"https:\/\/starsforeurope.com\/hu\/wp-content\/uploads\/sites\/22\/2023\/06\/asset-8.jpg\" alt=\"\"><\/figure>\n\n<\/div>\n\n\n\n<div class=\"wp-block-column is-layout-flow wp-block-column-is-layout-flow\">\n<figure class=\"wp-block-image size-full\"><img decoding=\"async\" src=\"https:\/\/starsforeurope.com\/hu\/wp-content\/uploads\/sites\/22\/2023\/06\/asset-6-1.jpg\" alt=\"\"><\/figure>\n\n<\/div>\n\n\n<\/div>\n\n\n\n<p><em>\u00d6t\u00f6dik l\u00e9p\u00e9s:<\/em> A mikul\u00e1svir\u00e1gok k\u00f6r\u00fcl helyezz\u00fck el a mocs\u00e1ri magyal sz\u00e1rait a dr\u00f3th\u00e1l\u00f3ba, am\u00edg az m\u00e1r nem l\u00e1tszik.\r<br>\r<br><em>Hatodik l\u00e9p\u00e9s:<\/em> V\u00e9g\u00fcl r\u00f6gz\u00edts\u00fck a sz\u00e1rak v\u00e9geit a h\u00e1l\u00f3hoz a v\u00e9kony dr\u00f3t seg\u00edts\u00e9g\u00e9vel, hogy azok ne l\u00f3gjanak ki. <em>Tipp<\/em>: Gy\u0151z\u0151dj\u00fcnk meg r\u00f3la, hogy az \u00f6sszes sz\u00e1rat ugyanabba az ir\u00e1nyba ford\u00edtjuk, hogy k\u00f6r alak\u00fa form\u00e1t alkossanak.\r<br>\r<br>Az elk\u00e9sz\u00fclt mikul\u00e1svir\u00e1g-t\u00e1lat belt\u00e9ren helyezz\u00fck el, m\u00e9ghozz\u00e1 \u00fagy, hogy kapjon elegend\u0151 f\u00e9nyt \u00e9s v\u00e9dett legyen a huzatt\u00f3l.<\/p>\n<\/div>\n\n<\/div>\n\n\n<div class=\"wp-block-columns is-layout-flex wp-container-core-columns-is-layout-28f84493 wp-block-columns-is-layout-flex\">\n<div class=\"wp-block-column is-layout-flow wp-block-column-is-layout-flow\">\n<h2 class=\"wp-block-heading\">Mikul\u00e1svir\u00e1g eleg\u00e1ns, \u00fajrahasznos\u00edtott amfora \u00fcltet\u0151ben<\/h2>\n\n<div class=\"wp-block-columns is-layout-flex wp-container-core-columns-is-layout-28f84493 wp-block-columns-is-layout-flex\">\n<div class=\"wp-block-column is-layout-flow wp-block-column-is-layout-flow\">\n<figure class=\"wp-block-image size-full\"><img decoding=\"async\" src=\"https:\/\/starsforeurope.com\/hu\/wp-content\/uploads\/sites\/22\/2023\/06\/2023_poinsettia_04000_Contemporary_.jpg\" alt=\"\"><\/figure>\n\n<\/div>\n\n\n\n<div class=\"wp-block-column is-layout-flow wp-block-column-is-layout-flow\">\n<p>Ezt a st\u00edlusos, \u00fajrahasznos\u00edtott anyagokkal k\u00e9sz\u00fcl\u0151 d\u00edszt egyszer\u0171en elk\u00e9sz\u00edthetj\u00fck otthon is. Sz\u00fcks\u00e9g lesz hozz\u00e1 egy r\u00e9gi t\u00e1lra, \u00fcltet\u0151ed\u00e9nyre, egy mikul\u00e1svir\u00e1gra, komposztra, fekete fest\u00e9kre, s\u00fct\u0151porra \u00e9s szilikonra.\r<br>\r<br>\u00cdgy kell elk\u00e9sz\u00edteni: El\u0151sz\u00f6r a szilikon seg\u00edts\u00e9g\u00e9vel kell r\u00f6gz\u00edteni a t\u00e1lat a n\u00f6v\u00e9nytart\u00f3 alj\u00e1ra, majd hagyni kell megszil\u00e1rdulni. Ezut\u00e1n keverj\u00fck \u00f6ssze a fekete fest\u00e9ket n\u00e9mi s\u00fct\u0151porral a min\u00e9l mattabb \u00e9s \u00e9rdesebb sz\u00ednhat\u00e1s el\u00e9r\u00e9se \u00e9rdek\u00e9ben. Ecsettel csepegtess\u00fck a fest\u00e9ket a cser\u00e9pre \u00e9s hagyjuk mag\u00e1t\u00f3l megsz\u00e1radni. V\u00e9g\u00fcl a t\u00e1l m\u00e9ret\u00e9t\u0151l f\u00fcgg\u0151en \u00fcltess\u00fcnk el benne egy vagy t\u00f6bb mikul\u00e1svir\u00e1got, az elk\u00e9sz\u00fclt d\u00edsz\u00fcnket pedig helyezz\u00fck vil\u00e1gos, meleg helyre, ahol v\u00e9dve lesz a huzatt\u00f3l. <em>Tipp:<\/em> csak enyh\u00e9n \u00f6nt\u00f6zz\u00fck a n\u00f6v\u00e9nyt, ker\u00fclj\u00fck a pang\u00f3 vizet.<\/p>\n<\/div>\n\n\n<\/div>\n\n\n<\/div>\n\n<\/div>\n\n\n<div class=\"wp-block-columns is-layout-flex wp-container-core-columns-is-layout-28f84493 wp-block-columns-is-layout-flex\">\n<div class=\"wp-block-column is-layout-flow wp-block-column-is-layout-flow\">\n<h2 class=\"wp-block-heading\">V\u00e1gott mikul\u00e1svir\u00e1g<\/h2>\n\n<p>A mikul\u00e1svir\u00e1g mint v\u00e1gott vir\u00e1g is t\u00f6k\u00e9letes d\u00edsz. Ha a n\u00f6v\u00e9ny sz\u00e1rait ferd\u00e9n elv\u00e1gjuk \u00e9s azonnal forr\u00f3 (kb. 60\u00b0C) , majd pedig hideg v\u00edzbe m\u00e1rtjuk, ak\u00e1r k\u00e9t h\u00e9tig is meg\u0151rzi eredeti form\u00e1j\u00e1t.\r<br>\r<br>A forr\u00f3 v\u00edz egyfajta pajzsot k\u00e9pez a lev\u00e1gott ter\u00fcleteken \u00e9s megakad\u00e1lyozza a tejszer\u0171 nedv elsziv\u00e1rg\u00e1s\u00e1t. Fontos, hogy a mikul\u00e1svir\u00e1gnak mindig friss vize legyen, hogy min\u00e9l tov\u00e1bb meg\u0151rizze eredeti form\u00e1j\u00e1t, illetve vir\u00e1gt\u00e1ppal is seg\u00edthetj\u00fck.<\/p>\n<\/div>\n\n<\/div>","protected":false},"excerpt":{"rendered":"<p>A k\u00e9zm\u0171vess\u00e9g \u00e9s a d\u00edsz\u00edt\u00e9s az adventi \u00e9s kar\u00e1csonyi id\u0151szakban fellend\u00fcl, \u00e9s a mikul\u00e1scsillagok mindkett\u0151h\u00f6z nagyszer\u0171ek<\/p>\n","protected":false},"featured_media":6893,"template":"two-column-press","press_cat":[60,30,112],"press_main":[140,137,144,155],"class_list":["post-6932","press","type-press","status-publish","has-post-thumbnail","hentry","press_cat-table-decoration","press_cat-diy","press_cat-cut-flower","press_main-adventi-dekoraciok","press_main-dekoracio","press_main-diy-upcycling","press_main-sajtokozlemenyek"],"acf":[],"_links":{"self":[{"href":"https:\/\/starsforeurope.com\/hu\/wp-json\/wp\/v2\/press\/6932","targetHints":{"allow":["GET"]}}],"collection":[{"href":"https:\/\/starsforeurope.com\/hu\/wp-json\/wp\/v2\/press"}],"about":[{"href":"https:\/\/starsforeurope.com\/hu\/wp-json\/wp\/v2\/types\/press"}],"version-history":[{"count":13,"href":"https:\/\/starsforeurope.com\/hu\/wp-json\/wp\/v2\/press\/6932\/revisions"}],"predecessor-version":[{"id":7514,"href":"https:\/\/starsforeurope.com\/hu\/wp-json\/wp\/v2\/press\/6932\/revisions\/7514"}],"wp:featuredmedia":[{"embeddable":true,"href":"https:\/\/starsforeurope.com\/hu\/wp-json\/wp\/v2\/media\/6893"}],"wp:attachment":[{"href":"https:\/\/starsforeurope.com\/hu\/wp-json\/wp\/v2\/media?parent=6932"}],"wp:term":[{"taxonomy":"press_cat","embeddable":true,"href":"https:\/\/starsforeurope.com\/hu\/wp-json\/wp\/v2\/press_cat?post=6932"},{"taxonomy":"press_main","embeddable":true,"href":"https:\/\/starsforeurope.com\/hu\/wp-json\/wp\/v2\/press_main?post=6932"}],"curies":[{"name":"wp","href":"https:\/\/api.w.org\/{rel}","templated":true}]}}