{"id":5714,"date":"2018-08-11T14:52:43","date_gmt":"2018-08-11T12:52:43","guid":{"rendered":"https:\/\/weihnachtsstern.kinsta.cloud\/fr\/?post_type=press&#038;p=5714"},"modified":"2025-07-02T16:14:05","modified_gmt":"2025-07-02T14:14:05","slug":"noel-quand-les-reves-de-notre-enfance-deviennent-realite","status":"publish","type":"press","link":"https:\/\/starsforeurope.com\/fr\/press\/noel-quand-les-reves-de-notre-enfance-deviennent-realite\/","title":{"rendered":"No\u00ebl : quand les r\u00eaves de notre enfance deviennent r\u00e9alit\u00e9"},"content":{"rendered":"<div class=\"wp-block-columns is-layout-flex wp-container-core-columns-is-layout-28f84493 wp-block-columns-is-layout-flex\">\r\n<div class=\"wp-block-column is-layout-flow wp-block-column-is-layout-flow\">\r\n<p>Des instants magiques avec le poinsettia <br \/><br \/>La p\u00e9riode de l&rsquo;Avent et de No\u00ebl est une moment tr\u00e8s sp\u00e9cial. Chaque ann\u00e9e, les amis et la famille se r\u00e9unissent pour c\u00e9l\u00e9brer ce temps de v\u0153ux, de rituels et de symboles. Les enfants, plus particuli\u00e8rement, adorent les traditions et le symbolisme de No\u00ebl. L&rsquo;atmosph\u00e8re qui r\u00e8gne autour des sapins de No\u00ebl, des charmants calendriers de l&rsquo;Avent fabriqu\u00e9s \u00e0 la main et de la douce lumi\u00e8re des bougies, sans oublier les ornements artisanaux, les cadeaux, les p\u00e2tisseries, les d\u00e9corations et les repas en famille et entre amis\u2026 tous ces \u00e9l\u00e9ments font appel \u00e0 de tendres souvenirs d&rsquo;enfance chez chacun d&rsquo;entre nous, quelque soit notre \u00e2ge. <br \/><br \/>L&rsquo;un des principaux symboles de No\u00ebl est le poinsettia. Depuis les ann\u00e9es 1950, cette plante aux feuilles color\u00e9es en forme d&rsquo;\u00e9toile accompagne les familles du monde entier pendant les f\u00eates. Les enfants raffolent de ce charmant symbole annonciateur des festivit\u00e9s prochaines, qui refl\u00e8te \u00e0 lui seul tout l&rsquo;attrait de l&rsquo;Avent et de No\u00ebl.<\/p>\r\n<\/div>\r\n<\/div>\r\n\r\n\r\n\r\n<div class=\"wp-block-columns is-layout-flex wp-container-core-columns-is-layout-28f84493 wp-block-columns-is-layout-flex\">\r\n<div class=\"wp-block-column is-layout-flow wp-block-column-is-layout-flow\">\r\n<div class=\"wp-block-columns is-layout-flex wp-container-core-columns-is-layout-28f84493 wp-block-columns-is-layout-flex\">\r\n<div class=\"wp-block-column is-layout-flow wp-block-column-is-layout-flow\">\r\n<p>Gr\u00e2ce \u00e0 leur grande diversit\u00e9 de formes et de tailles ainsi qu&rsquo;\u00e0 leur capacit\u00e9 d&rsquo;adaptation \u00e0 tous les styles de d\u00e9corations festives, les poinsettias n&rsquo;unissent pas seulement les g\u00e9n\u00e9rations et les nations : ils s&rsquo;associent aussi parfaitement aux autres symboles de No\u00ebl, comme le sapin, le calendrier de l&rsquo;Avent et la couronne de l&rsquo;Avent. Ils sont devenus le leitmotiv de cette p\u00e9riode de f\u00eates.<\/p>\r\n\r\n\r\n\r\n<h2 class=\"wp-block-heading\">La bonne \u00e9toile des familles<\/h2>\r\n\r\n\r\n\r\n<p>Les enfants appr\u00e9cient particuli\u00e8rement les moments heureux pass\u00e9s avec leurs proches \u00e0 la p\u00e9riode de No\u00ebl. Le poinsettia y joue toujours un r\u00f4le central. Pourquoi cela ? C&rsquo;est bien simple : avec ses bract\u00e9es en forme d&rsquo;\u00e9toile et ses tons rouges et verts, cette jolie \u00e9toile s&rsquo;accorde parfaitement avec les symboles traditionnels de No\u00ebl et cr\u00e9e aussit\u00f4t une atmosph\u00e8re festive et chaleureuse.<\/p>\r\n<\/div>\r\n\r\n\r\n\r\n<div class=\"wp-block-column is-layout-flow wp-block-column-is-layout-flow\">\r\n<figure class=\"wp-block-image size-full\"><img decoding=\"async\" src=\"https:\/\/starsforeurope.com\/fr\/wp-content\/uploads\/sites\/13\/2022\/09\/2018_poinsettia_0100_Christmas_Tales_31.jpg\" alt=\"\" \/><\/figure>\r\n<\/div>\r\n<\/div>\r\n\r\n\r\n\r\n<div class=\"wp-block-columns is-layout-flex wp-container-core-columns-is-layout-28f84493 wp-block-columns-is-layout-flex\">\r\n<div class=\"wp-block-column is-layout-flow wp-block-column-is-layout-flow\">\r\n<p>Pour de nombreuses familles, la p\u00e9riode de No\u00ebl est l&rsquo;occasion de mettre la main \u00e0 la p\u00e2te. Que diriez-vous de d\u00e9licieux biscuits en forme de poinsettias, pour une fois ? Avec quelques jolis poinsettias qui ornent la pi\u00e8ce, vous ne manquerez pas d&rsquo;inspiration pour mettre cette id\u00e9e en application.<\/p>\r\n<\/div>\r\n<\/div>\r\n\r\n\r\n\r\n<div class=\"wp-block-columns is-layout-flex wp-container-core-columns-is-layout-28f84493 wp-block-columns-is-layout-flex\">\r\n<div class=\"wp-block-column is-layout-flow wp-block-column-is-layout-flow\">\r\n<figure class=\"wp-block-image size-full\"><img decoding=\"async\" src=\"https:\/\/starsforeurope.com\/fr\/wp-content\/uploads\/sites\/13\/2022\/09\/2018_poinsettia_0100_Christmas_Tales_12.jpg\" alt=\"\" \/><\/figure>\r\n<\/div>\r\n\r\n\r\n\r\n<div class=\"wp-block-column is-layout-flow wp-block-column-is-layout-flow\">\r\n<figure class=\"wp-block-image size-full\"><img decoding=\"async\" src=\"https:\/\/starsforeurope.com\/fr\/wp-content\/uploads\/sites\/13\/2022\/09\/2018_poinsettia_0120_Green_Living_Christmas_Nostal-1.jpg\" alt=\"\" \/><\/figure>\r\n<\/div>\r\n<\/div>\r\n\r\n\r\n\r\n<div class=\"wp-block-columns is-layout-flex wp-container-core-columns-is-layout-28f84493 wp-block-columns-is-layout-flex\">\r\n<div class=\"wp-block-column is-layout-flow wp-block-column-is-layout-flow\">\r\n<p>Nombreuses sont les familles qui ornent leur maison de d\u00e9corations festives fabriqu\u00e9es \u00e0 la main pour la p\u00e9riode des f\u00eates. Les enfants, particuli\u00e8rement, adorent cette tradition. Le poinsettia est id\u00e9al pour r\u00e9aliser des compositions qui refl\u00e8tent l&rsquo;atmosph\u00e8re de No\u00ebl, comme en t\u00e9moigne cette superbe couronne compos\u00e9e de branches de sapin et de poinsettias coup\u00e9s.<\/p>\r\n<\/div>\r\n<\/div>\r\n<\/div>\r\n<\/div>\r\n\r\n\r\n\r\n<div class=\"wp-block-columns is-layout-flex wp-container-core-columns-is-layout-28f84493 wp-block-columns-is-layout-flex\">\r\n<div class=\"wp-block-column is-layout-flow wp-block-column-is-layout-flow\">\r\n<h2 class=\"wp-block-heading\">Des calendriers et couronnes de l&rsquo;Avent pour satisfaire les plus impatients<\/h2>\r\n\r\n\r\n\r\n<div class=\"wp-block-columns is-layout-flex wp-container-core-columns-is-layout-28f84493 wp-block-columns-is-layout-flex\">\r\n<div class=\"wp-block-column is-layout-flow wp-block-column-is-layout-flow\">\r\n<p>Le calendrier et la couronne de l&rsquo;Avent sont des incontournables pour la p\u00e9riode des f\u00eates. Ces objets traditionnels de No\u00ebl sont notamment appr\u00e9ci\u00e9s des enfants et apportent une touche d\u00e9corative \u00e0 l&rsquo;ambiance de f\u00eate. Les poinsettias offrent de nombreuses possibilit\u00e9s pour rendre uniques et inoubliables ces \u00e9l\u00e9ments classiques et populaires de l&rsquo;Avent. <br \/><br \/>En attendant No\u00ebl : ici, un simple portemanteau mural a \u00e9t\u00e9 transform\u00e9 en un calendrier de l&rsquo;Avent atypique. Au lieu d&rsquo;ouvrir, comme le veut la tradition, un cadeau par jour pendant un mois, ce calendrier propose seulement un pr\u00e9sent par semaine. Mais le nombre de cadeaux est largement compens\u00e9 par leur taille. <br \/><br \/>Des poinsettias coup\u00e9s ajoutent une touche de couleur vive et refl\u00e8tent l&rsquo;atmosph\u00e8re de No\u00ebl. Astuce : avec pr\u00e9caution, faites un n\u0153ud autour de la tige du poinsettia coup\u00e9 et coupez-en l&rsquo;extr\u00e9mit\u00e9 afin qu&rsquo;elle ne soit plus visible. <br \/><br \/>Cette couronne de l&rsquo;Avent originale compos\u00e9e de fil d&rsquo;aluminium, de pinces \u00e0 linge en bois et de poinsettias coup\u00e9s couleur cr\u00e8me est un projet de loisirs cr\u00e9atifs id\u00e9al pour toute la famille. M\u00eame les enfants les plus jeunes peuvent vous aider, en fixant par exemple les pinces \u00e0 linge en bois sur le fil.<\/p>\r\n<\/div>\r\n\r\n\r\n\r\n<div class=\"wp-block-column is-layout-flow wp-block-column-is-layout-flow\">\r\n<figure class=\"wp-block-image size-full\"><img decoding=\"async\" src=\"https:\/\/starsforeurope.com\/fr\/wp-content\/uploads\/sites\/13\/2022\/09\/2018_poinsettia_0100_Christmas_Tales_27-1.jpg\" alt=\"\" \/><\/figure>\r\n<\/div>\r\n<\/div>\r\n<\/div>\r\n<\/div>\r\n\r\n\r\n\r\n<div class=\"wp-block-columns is-layout-flex wp-container-core-columns-is-layout-28f84493 wp-block-columns-is-layout-flex\">\r\n<div class=\"wp-block-column is-layout-flow wp-block-column-is-layout-flow\">\r\n<h2 class=\"wp-block-heading\">La veille de No\u00ebl : le point d&rsquo;orgue d&rsquo;une saison \u00e9toil\u00e9e<\/h2>\r\n\r\n\r\n\r\n<p>Pour la plupart des enfants, l&rsquo;ouverture des cadeaux la veille de No\u00ebl constitue le point d&rsquo;orgue absolu de la p\u00e9riode des f\u00eates. En ce jour si sp\u00e9cial, le poinsettia est un \u00e9l\u00e9ment indispensable. <br \/><br \/>Un No\u00ebl sans sapin ? Difficile \u00e0 imaginer pour la plupart d&rsquo;entre nous. Orn\u00e9 d&rsquo;\u00e9toiles dor\u00e9es, de boules, de pommes de pin et de poinsettias coup\u00e9s, ce sapin de No\u00ebl classique se montre sous son plus beau jour. <br \/><br \/>Astuce : pour que ces d\u00e9corations de No\u00ebl naturelles restent fra\u00eeches aussi longtemps que possible, aussit\u00f4t apr\u00e8s avoir coup\u00e9 les tiges des poinsettias, trempez celles-ci dans une eau \u00e0 60 \u00b0C pendant quelques secondes, puis dans de l&rsquo;eau froide.<\/p>\r\n\r\n\r\n\r\n<div class=\"wp-block-columns is-layout-flex wp-container-core-columns-is-layout-28f84493 wp-block-columns-is-layout-flex\">\r\n<div class=\"wp-block-column is-layout-flow wp-block-column-is-layout-flow\">\r\n<figure class=\"wp-block-image size-full\"><img decoding=\"async\" src=\"https:\/\/starsforeurope.com\/fr\/wp-content\/uploads\/sites\/13\/2022\/09\/2018_poinsettia_0100_Christmas_Tales_13.jpg\" alt=\"\" \/><\/figure>\r\n<\/div>\r\n\r\n\r\n\r\n<div class=\"wp-block-column is-layout-flow wp-block-column-is-layout-flow\">\r\n<figure class=\"wp-block-image size-full\"><img decoding=\"async\" src=\"https:\/\/starsforeurope.com\/fr\/wp-content\/uploads\/sites\/13\/2022\/09\/2018_poinsettia_0100_Christmas_Tales_14.jpg\" alt=\"\" \/><\/figure>\r\n<\/div>\r\n\r\n\r\n\r\n<div class=\"wp-block-column is-layout-flow wp-block-column-is-layout-flow\">\r\n<figure class=\"wp-block-image size-full\"><img decoding=\"async\" src=\"https:\/\/starsforeurope.com\/fr\/wp-content\/uploads\/sites\/13\/2022\/09\/2018_poinsettia_0100_Christmas_Tales_25.jpg\" alt=\"\" \/><\/figure>\r\n<\/div>\r\n\r\n\r\n\r\n<div class=\"wp-block-column is-layout-flow wp-block-column-is-layout-flow\">\r\n<figure class=\"wp-block-image size-full\"><img decoding=\"async\" src=\"https:\/\/starsforeurope.com\/fr\/wp-content\/uploads\/sites\/13\/2022\/09\/2018_poinsettia_0100_Christmas_Tales_21.jpg\" alt=\"\" \/><\/figure>\r\n<\/div>\r\n<\/div>\r\n\r\n\r\n\r\n<div class=\"wp-block-columns is-layout-flex wp-container-core-columns-is-layout-28f84493 wp-block-columns-is-layout-flex\">\r\n<div class=\"wp-block-column is-layout-flow wp-block-column-is-layout-flow\">\r\n<p>Joyeux No\u00ebl ! Les cadeaux empil\u00e9s devant le feu cr\u00e9pitant de la chemin\u00e9e n&rsquo;attendent qu&rsquo;\u00e0 \u00eatre d\u00e9ball\u00e9s. Les poinsettias rouges ornant le sapin de No\u00ebl et une vieille malle d\u00e9corative viennent compl\u00e9ter cette ambiance festive. Peut-on jamais imaginer un r\u00e9veillon plus chaleureux ? <br \/><br \/>Un sapin de No\u00ebl flottant est non seulement une id\u00e9e \u00e9tonnante et originale, mais il laisse \u00e9galement plus d&rsquo;espace pour les cadeaux. Si vous souhaitez accrocher le sapin au mur, il vous suffit d&rsquo;\u00f4ter les branches situ\u00e9es \u00e0 l&rsquo;arri\u00e8re de l&rsquo;arbre.<\/p>\r\n<\/div>\r\n<\/div>\r\n<\/div>\r\n<\/div>\r\n\r\n\r\n\r\n<div class=\"wp-block-columns is-layout-flex wp-container-core-columns-is-layout-28f84493 wp-block-columns-is-layout-flex\">\r\n<div class=\"wp-block-column is-layout-flow wp-block-column-is-layout-flow\">\r\n<div class=\"wp-block-columns is-layout-flex wp-container-core-columns-is-layout-28f84493 wp-block-columns-is-layout-flex\">\r\n<div class=\"wp-block-column is-layout-flow wp-block-column-is-layout-flow\">\r\n<h2 class=\"wp-block-heading\">Une diversit\u00e9 pour tous les go\u00fbts<\/h2>\r\n\r\n\r\n\r\n<p>Depuis les ann\u00e9es 50, les poinsettias sont un incontournable des d\u00e9corations de No\u00ebl dans toutes les maisons. Ils sont donc aujourd&rsquo;hui un \u00e9l\u00e9ment fondamental des souvenirs d&rsquo;enfance. <br \/><br \/>De nos jours, tout au long des mois d&rsquo;hiver, les diverses tailles et formes de croissance du poinsettia en font une plante d\u00e9corative polyvalente qui permet de cr\u00e9er une atmosph\u00e8re festive en un clin d&rsquo;\u0153il. Au milieu du XXe si\u00e8cle, les vari\u00e9t\u00e9s disponibles sur le march\u00e9 \u00e9taient bien moins nombreuses, mais leurs bract\u00e9es aux couleurs vives ont toujours eu le m\u00eame effet festif. \u00c0 ce jour, le calendrier de l&rsquo;Avent et le poinsettia font toujours partie int\u00e9grante des c\u00e9l\u00e9brations de No\u00ebl.<\/p>\r\n<\/div>\r\n<\/div>\r\n<\/div>\r\n<\/div>\r\n\r\n<p>&nbsp;<\/p>","protected":false},"excerpt":{"rendered":"<p>Outre le poinsettia, d&rsquo;autres symboles importants de la p\u00e9riode de No\u00ebl sont le sapin de No\u00ebl, le calendrier de l&rsquo;Avent et la couronne de l&rsquo;Avent.<\/p>\n","protected":false},"featured_media":5504,"template":"two-column-press","press_cat":[27,99],"press_main":[53,139,141],"class_list":["post-5714","press","type-press","status-publish","has-post-thumbnail","hentry","press_cat-advent-decoration","press_cat-christmas-tree-decorations","press_main-communiques-de-presse","press_main-decorations-de-lavent","press_main-decorations-du-sapin-de-noel"],"acf":[],"_links":{"self":[{"href":"https:\/\/starsforeurope.com\/fr\/wp-json\/wp\/v2\/press\/5714","targetHints":{"allow":["GET"]}}],"collection":[{"href":"https:\/\/starsforeurope.com\/fr\/wp-json\/wp\/v2\/press"}],"about":[{"href":"https:\/\/starsforeurope.com\/fr\/wp-json\/wp\/v2\/types\/press"}],"version-history":[{"count":14,"href":"https:\/\/starsforeurope.com\/fr\/wp-json\/wp\/v2\/press\/5714\/revisions"}],"predecessor-version":[{"id":7826,"href":"https:\/\/starsforeurope.com\/fr\/wp-json\/wp\/v2\/press\/5714\/revisions\/7826"}],"wp:featuredmedia":[{"embeddable":true,"href":"https:\/\/starsforeurope.com\/fr\/wp-json\/wp\/v2\/media\/5504"}],"wp:attachment":[{"href":"https:\/\/starsforeurope.com\/fr\/wp-json\/wp\/v2\/media?parent=5714"}],"wp:term":[{"taxonomy":"press_cat","embeddable":true,"href":"https:\/\/starsforeurope.com\/fr\/wp-json\/wp\/v2\/press_cat?post=5714"},{"taxonomy":"press_main","embeddable":true,"href":"https:\/\/starsforeurope.com\/fr\/wp-json\/wp\/v2\/press_main?post=5714"}],"curies":[{"name":"wp","href":"https:\/\/api.w.org\/{rel}","templated":true}]}}