{"id":4927,"date":"2021-07-29T13:54:33","date_gmt":"2021-07-29T11:54:33","guid":{"rendered":"https:\/\/weihnachtsstern.kinsta.cloud\/fr\/?post_type=press&#038;p=4927"},"modified":"2025-07-02T18:08:01","modified_gmt":"2025-07-02T16:08:01","slug":"la-tonalite-du-ciel-dhiver-cree-une-toile-de-fond-parfaite-pour-les-poinsettias-aux-bractees-cremeuses-ou-aux-teintes-vives-de-rouges-traditionnels","status":"publish","type":"press","link":"https:\/\/starsforeurope.com\/fr\/press\/la-tonalite-du-ciel-dhiver-cree-une-toile-de-fond-parfaite-pour-les-poinsettias-aux-bractees-cremeuses-ou-aux-teintes-vives-de-rouges-traditionnels\/","title":{"rendered":"La tonalit\u00e9 du ciel d&rsquo;hiver cr\u00e9e une toile de fond parfaite pour les poinsettias aux bract\u00e9es cr\u00e9meuses ou aux teintes vives de rouges traditionnels"},"content":{"rendered":"<div class=\"wp-block-columns is-layout-flex wp-container-core-columns-is-layout-28f84493 wp-block-columns-is-layout-flex\">\r\n<div class=\"wp-block-column is-layout-flow wp-block-column-is-layout-flow\">\r\n<p>Les plus audacieux mettront en sc\u00e8ne un contraste dynamique, en choisissant un poinsettia rose vif \u2013 d\u00e9fi. <br \/><br \/>Cette fin d\u2019ann\u00e9e s&rsquo;annonce bien ! Apr\u00e8s plus de 18 mois de s\u00e9paration forc\u00e9e, les rassemblements familiaux et entre amis pour les f\u00eates sont enfin de nouveau possibles. Pour cr\u00e9er le d\u00e9cor hivernal propice \u00e0 ce regain d\u2019espoir et d\u2019optimisme, le poinsettia est la plante \u00e0 privil\u00e9gier qui garantit que chacun se sente dans l&rsquo;ambiance de No\u00ebl.<\/p>\r\n<div class=\"news-text-wrap\"><br \/>\r\n<p class=\"text-justify\">Pand\u00e9mie et confinement ont boulevers\u00e9 le quotidien de l\u2019ensemble de la plan\u00e8te. Les appartements et les maisons sont d\u00e9sormais adapt\u00e9s pour accueillir des bureaux \u00e0 domicile et les familles cherchent \u00e0 transformer leurs espaces de vie en oasis de calme, \u00e0 l&rsquo;abri des dangers du monde ext\u00e9rieur. La d\u00e9coration d&rsquo;int\u00e9rieur est pass\u00e9e \u00e0 la vitesse sup\u00e9rieure, avec une tendance \u00e0 l&rsquo;utilisation de couleurs audacieuses qui visent \u00e0 se d\u00e9marquer. Les d\u00e9cors contemporains offrent l&rsquo;opportunit\u00e9 de laisser libre cours \u00e0 la cr\u00e9ativit\u00e9. Les poinsettias, plantes color\u00e9es et \u00e9l\u00e9gantes, permettent des mises en sc\u00e8ne \u00e0 fort impact.<\/p>\r\n<br \/>\r\n<p class=\"text-justify\">Voici des id\u00e9es de d\u00e9coration utilisant les couleurs tendances, qui, selon les experts, orneront les int\u00e9rieurs au moment de dire adieu \u00e0 2021.<\/p>\r\n<br \/><br \/><\/div>\r\n<\/div>\r\n<\/div>\r\n\r\n\r\n\r\n<div class=\"wp-block-columns is-layout-flex wp-container-core-columns-is-layout-28f84493 wp-block-columns-is-layout-flex\">\r\n<div class=\"wp-block-column is-layout-flow wp-block-column-is-layout-flow\">\r\n<h2 class=\"wp-block-heading\">Du rouge revitalisant<\/h2>\r\n\r\n\r\n\r\n<div class=\"wp-block-columns is-layout-flex wp-container-core-columns-is-layout-28f84493 wp-block-columns-is-layout-flex\">\r\n<div class=\"wp-block-column is-layout-flow wp-block-column-is-layout-flow\">\r\n<p>Au si\u00e8cle dernier, les murs de presque toutes les maisons arboraient un ton plut\u00f4t banal, blanc cass\u00e9 ou magnolia. Les poinsettias traditionnels, de couleur rouge, se d\u00e9marquaient fi\u00e8rement sur une toile de fond aussi neutre. Deux d\u00e9cennies plus tard, les d\u00e9corateurs d\u2019int\u00e9rieur optent pour des tons plus sombres et plus audacieux. <br \/><br \/>Chez Pantone, deux nuances de rouge devraient \u00eatre tr\u00e8s populaires cet hiver : \u00ab\u00a0Winery\u00a0\u00bb (pensez au rouge profond classique d&rsquo;un verre de vin) et \u00ab\u00a0Red Alert\u00a0\u00bb &#8211; un rouge choquant que les experts de la mode d\u00e9crivent comme ayant une \u00ab\u00a0pr\u00e9sence suggestive\u00a0\u00bb. Le g\u00e9ant de la peinture Dulux met \u00e9galement en avant les rouges, de \u00ab\u00a0Berry Pop\u00a0\u00bb \u00e0 \u00ab\u00a0Lost Coral\u00a0\u00bb, comme des teintes populaires cette saison, soulignant leur capacit\u00e9 \u00e0 \u00ab\u00a0insuffler de l&rsquo;optimisme dans la vie quotidienne\u00a0\u00bb.<\/p>\r\n<\/div>\r\n\r\n\r\n\r\n<div class=\"wp-block-column is-layout-flow wp-block-column-is-layout-flow\">\r\n<figure class=\"wp-block-image size-full\"><img decoding=\"async\" src=\"https:\/\/starsforeurope.com\/fr\/wp-content\/uploads\/sites\/13\/2022\/08\/2021-poinsettia-05000-christmas-wonderland-17.jpg\" alt=\"\" \/><\/figure>\r\n<\/div>\r\n<\/div>\r\n\r\n\r\n\r\n<div class=\"wp-block-columns is-layout-flex wp-container-core-columns-is-layout-28f84493 wp-block-columns-is-layout-flex\">\r\n<div class=\"wp-block-column is-layout-flow wp-block-column-is-layout-flow\">\r\n<p>Avec du rouge aux murs, il est facile de cr\u00e9er un contraste int\u00e9ressant et plein de dynamisme, en choisissant des poinsettias aux bract\u00e9es blanches comme la glace ou aux douces nuances de cr\u00e8me. Ils ravivent les souvenirs d\u2019hivers froids et enneig\u00e9s et se distinguent par les nuances claires et vives de leurs merveilleuses bract\u00e9es color\u00e9es. <br \/><br \/>Bien s\u00fbr, le traditionnel poinsettia \u00e0 sommet rouge sera \u00e9galement \u00e0 l&rsquo;aise, pour ceux qui pr\u00e9f\u00e8rent une plante qui s&rsquo;int\u00e8gre subtilement \u00e0 leur choix de d\u00e9coration int\u00e9rieure.<\/p>\r\n<\/div>\r\n<\/div>\r\n<\/div>\r\n<\/div>\r\n\r\n\r\n\r\n<div class=\"wp-block-columns is-layout-flex wp-container-core-columns-is-layout-28f84493 wp-block-columns-is-layout-flex\">\r\n<div class=\"wp-block-column is-layout-flow wp-block-column-is-layout-flow\">\r\n<h2 class=\"wp-block-heading\">En finir avec le blues de fin d\u2019ann\u00e9e<\/h2>\r\n\r\n\r\n\r\n<div class=\"wp-block-columns is-layout-flex wp-container-core-columns-is-layout-28f84493 wp-block-columns-is-layout-flex\">\r\n<div class=\"wp-block-column is-layout-flow wp-block-column-is-layout-flow\">\r\n<p>&nbsp;<\/p>\r\n<p class=\"text-justify\">Cette crise sanitaire a provoqu\u00e9 un temps de r\u00e9flexion collectif sur les effets de nos modes de vie sur l\u2019environnement. Il n&rsquo;est donc pas surprenant que, d\u00e9sormais, les magazines mettent en avant des nuances de bleu d\u00e9licat, hommage \u00e0 la nature, qui sont \u00e0 la pointe de la mode cette saison.<\/p>\r\n<p>&nbsp;<\/p>\r\n<p class=\"text-justify\">Ces nuances de bleu, qui rappellent les profondeurs des oc\u00e9ans ou la puret\u00e9 des ciels clairs, font fureur. La tendance ne se limite pas aux peintures et rev\u00eatements muraux\u00a0: le bleu se retrouve \u00e9galement sur les nouvelles cuisines \u00e9quip\u00e9es ou encore sur les meubles traditionnels.<\/p>\r\n<p>&nbsp;<\/p>\r\n<p class=\"text-justify\">La tonalit\u00e9 du ciel d&rsquo;hiver cr\u00e9e une toile de fond parfaite pour les poinsettias aux bract\u00e9es cr\u00e9meuses ou aux teintes vives de rouges traditionnels. Les plus audacieux mettront en sc\u00e8ne un contraste dynamique, en choisissant un poinsettia rose vif \u2013 d\u00e9fi lanc\u00e9\u00a0!<\/p>\r\n<\/div>\r\n\r\n\r\n\r\n<div class=\"wp-block-column is-layout-flow wp-block-column-is-layout-flow\">\r\n<figure class=\"wp-block-image size-full\"><img decoding=\"async\" src=\"https:\/\/starsforeurope.com\/fr\/wp-content\/uploads\/sites\/13\/2022\/09\/2021-poinsettia-03000-froz.jpg\" alt=\"\" \/><\/figure>\r\n<\/div>\r\n<\/div>\r\n<\/div>\r\n<\/div>\r\n\r\n\r\n\r\n<div class=\"wp-block-columns is-layout-flex wp-container-core-columns-is-layout-28f84493 wp-block-columns-is-layout-flex\">\r\n<div class=\"wp-block-column is-layout-flow wp-block-column-is-layout-flow\">\r\n<h2 class=\"wp-block-heading\">Du gris, du vert olive et des tons de terre battue pour la fin d\u2019ann\u00e9e 2021<\/h2>\r\n\r\n\r\n\r\n<div class=\"wp-block-columns is-layout-flex wp-container-core-columns-is-layout-28f84493 wp-block-columns-is-layout-flex\">\r\n<div class=\"wp-block-column is-layout-flow wp-block-column-is-layout-flow\">\r\n<p>&nbsp;<\/p>\r\n<p class=\"text-justify\">Le gris reste la couleur dominante de la d\u00e9coration int\u00e9rieure cette ann\u00e9e. Des tons neutres similaires, marron glac\u00e9 ou taupe, ainsi que de douces nuances d&rsquo;olive, font aussi partie du palmar\u00e8s des couleurs des fabricants de couleur comme Dulux, cette ann\u00e9e.<\/p>\r\n<p>&nbsp;<\/p>\r\n<p class=\"text-justify\">Les gris et les teintes plus fonc\u00e9es ou terreuses cr\u00e9ent une toile de fond sophistiqu\u00e9e, qui permet aux poinsettias de lib\u00e9rer tout leur potentiel. La derni\u00e8re g\u00e9n\u00e9ration de poinsettias, marbr\u00e9s, se marie parfaitement avec ces fonds gris ou terreux, tandis que les vari\u00e9t\u00e9s jaunes offrent la possibilit\u00e9 de cr\u00e9er encore davantage de contraste.<\/p>\r\n<p>&nbsp;<\/p>\r\n<p class=\"text-justify\">L&rsquo;autre \u00ab\u00a0Couleur de l&rsquo;ann\u00e9e\u00a0\u00bb 2021 chez Pantone, \u00ab\u00a0Illuminating\u00a0\u00bb, est un \u00ab\u00a0jaune vif et joyeux, impr\u00e9gn\u00e9 d&rsquo;\u00e9nergie solaire\u00a0\u00bb. Il n\u2019y aura pas de meilleure toile de fond pour un poinsettia rouge traditionnel aux feuilles vert profond. De quoi \u00eatre \u00e9bloui\u00a0!<\/p>\r\n<\/div>\r\n\r\n\r\n\r\n<div class=\"wp-block-column is-layout-flow wp-block-column-is-layout-flow\">\r\n<figure class=\"wp-block-image size-full\"><img decoding=\"async\" src=\"https:\/\/starsforeurope.com\/fr\/wp-content\/uploads\/sites\/13\/2022\/09\/2021-poinsettia-05000-chri.jpg\" alt=\"\" \/><\/figure>\r\n<\/div>\r\n<\/div>\r\n\r\n\r\n\r\n<div class=\"wp-block-columns is-layout-flex wp-container-core-columns-is-layout-28f84493 wp-block-columns-is-layout-flex\">\r\n<div class=\"wp-block-column is-layout-flow wp-block-column-is-layout-flow\">\u00a0<\/div>\r\n<\/div>\r\n<\/div>\r\n<\/div>\r\n\r\n<p>&nbsp;<\/p>","protected":false},"excerpt":{"rendered":"<p>Les plus audacieux mettront en sc\u00e8ne un contraste dynamique, en choisissant un poinsettia rose vif \u2013 d\u00e9fi. Cette fin d\u2019ann\u00e9e s&rsquo;annonce bien ! Apr\u00e8s plus de 18 mois de s\u00e9paration forc\u00e9e, les rassemblements familiaux et entre amis pour les f\u00eates sont enfin de nouveau possibles. Pour cr\u00e9er le d\u00e9cor hivernal propice \u00e0 ce regain d\u2019espoir [&hellip;]<\/p>\n","protected":false},"featured_media":4420,"template":"two-column-press","press_cat":[59],"press_main":[53,136],"class_list":["post-4927","press","type-press","status-publish","has-post-thumbnail","hentry","press_cat-variety","press_main-communiques-de-presse","press_main-decoration"],"acf":[],"_links":{"self":[{"href":"https:\/\/starsforeurope.com\/fr\/wp-json\/wp\/v2\/press\/4927","targetHints":{"allow":["GET"]}}],"collection":[{"href":"https:\/\/starsforeurope.com\/fr\/wp-json\/wp\/v2\/press"}],"about":[{"href":"https:\/\/starsforeurope.com\/fr\/wp-json\/wp\/v2\/types\/press"}],"version-history":[{"count":15,"href":"https:\/\/starsforeurope.com\/fr\/wp-json\/wp\/v2\/press\/4927\/revisions"}],"predecessor-version":[{"id":7851,"href":"https:\/\/starsforeurope.com\/fr\/wp-json\/wp\/v2\/press\/4927\/revisions\/7851"}],"wp:featuredmedia":[{"embeddable":true,"href":"https:\/\/starsforeurope.com\/fr\/wp-json\/wp\/v2\/media\/4420"}],"wp:attachment":[{"href":"https:\/\/starsforeurope.com\/fr\/wp-json\/wp\/v2\/media?parent=4927"}],"wp:term":[{"taxonomy":"press_cat","embeddable":true,"href":"https:\/\/starsforeurope.com\/fr\/wp-json\/wp\/v2\/press_cat?post=4927"},{"taxonomy":"press_main","embeddable":true,"href":"https:\/\/starsforeurope.com\/fr\/wp-json\/wp\/v2\/press_main?post=4927"}],"curies":[{"name":"wp","href":"https:\/\/api.w.org\/{rel}","templated":true}]}}