{"id":7448,"date":"2022-12-19T09:07:06","date_gmt":"2022-12-19T08:07:06","guid":{"rendered":"https:\/\/starsforeurope.com\/es\/?post_type=blog&#038;p=7448"},"modified":"2025-11-13T13:32:26","modified_gmt":"2025-11-13T12:32:26","slug":"8-ideas-para-centros-de-mesa-navidenos-con-flores-de-pascua","status":"publish","type":"blog","link":"https:\/\/starsforeurope.com\/es\/blog\/8-ideas-para-centros-de-mesa-navidenos-con-flores-de-pascua\/","title":{"rendered":"8 IDEAS PARA CENTROS DE MESA NAVIDE\u00d1OS CON FLORES DE PASCUA"},"content":{"rendered":"<div class=\"wp-block-columns is-layout-flex wp-container-core-columns-is-layout-28f84493 wp-block-columns-is-layout-flex\">\n<div class=\"wp-block-column is-layout-flow wp-block-column-is-layout-flow\">\n<p>La poinsettia, m\u00e1s conocida como flor de Pascua, se ha convertido en todo un s\u00edmbolo navide\u00f1o, junto con el mantel de la mesa donde se re\u00fane la familia para cenar en Nochebuena. Son elementos que no faltan en ninguna mesa durante las reuniones familiares de esta \u00e9poca del a\u00f1o. <br><br>\u00a1Y lo sencillo que es conseguir un bonito centro de mesa para sorprender a los que m\u00e1s quieres! Los expertos de Stars for Europe (SfE), iniciativa que engloba a los principales productores de poinsettia a nivel europeo, nos dan 8 ideas para llevar a cabo la decoraci\u00f3n de centros de mesa.<\/p>\n<\/div>\n<\/div>\n\n\n\n<div class=\"wp-block-columns is-layout-flex wp-container-core-columns-is-layout-28f84493 wp-block-columns-is-layout-flex\">\n<div class=\"wp-block-column is-layout-flow wp-block-column-is-layout-flow\">\n<div class=\"wp-block-columns is-layout-flex wp-container-core-columns-is-layout-28f84493 wp-block-columns-is-layout-flex\">\n<div class=\"wp-block-column is-layout-flow wp-block-column-is-layout-flow\">\n<h2 class=\"wp-block-heading\">Atrevido<\/h2>\n\n\n\n<p>Una mesa que te traslade a tu cuento de hadas favorito, con musgo y flores de Pascua. Se trata de una propuesta muy rompedora con la que sorprender\u00e1s a tus invitados. <br><br>Con estos contrastes verdes y rojos o rosados, te sentir\u00e1s como en un lugar encantado y lleno de magia. Es recomendable que la vajilla sea cl\u00e1sica y de colores oscuros para que contraste con el musgo verde de la mesa.<\/p>\n<\/div>\n\n\n\n<div class=\"wp-block-column is-layout-flow wp-block-column-is-layout-flow\">\n<figure class=\"wp-block-image size-full\"><img loading=\"lazy\" decoding=\"async\" width=\"875\" height=\"1050\" src=\"https:\/\/starsforeurope.com\/es\/wp-content\/uploads\/sites\/14\/2022\/09\/2019-Stars-for-Europe-Press-Event-Annette-von-Einem-Skan-2.jpg\" alt=\"\" class=\"wp-image-6223\" srcset=\"https:\/\/starsforeurope.com\/es\/wp-content\/uploads\/sites\/14\/2022\/09\/2019-Stars-for-Europe-Press-Event-Annette-von-Einem-Skan-2.jpg 875w, https:\/\/starsforeurope.com\/es\/wp-content\/uploads\/sites\/14\/2022\/09\/2019-Stars-for-Europe-Press-Event-Annette-von-Einem-Skan-2-250x300.jpg 250w, https:\/\/starsforeurope.com\/es\/wp-content\/uploads\/sites\/14\/2022\/09\/2019-Stars-for-Europe-Press-Event-Annette-von-Einem-Skan-2-853x1024.jpg 853w, https:\/\/starsforeurope.com\/es\/wp-content\/uploads\/sites\/14\/2022\/09\/2019-Stars-for-Europe-Press-Event-Annette-von-Einem-Skan-2-768x922.jpg 768w, https:\/\/starsforeurope.com\/es\/wp-content\/uploads\/sites\/14\/2022\/09\/2019-Stars-for-Europe-Press-Event-Annette-von-Einem-Skan-2-563x675.jpg 563w\" sizes=\"auto, (max-width: 875px) 100vw, 875px\" \/><\/figure>\n<\/div>\n<\/div>\n<\/div>\n<\/div>\n\n\n\n<div class=\"wp-block-columns is-layout-flex wp-container-core-columns-is-layout-28f84493 wp-block-columns-is-layout-flex\">\n<div class=\"wp-block-column is-layout-flow wp-block-column-is-layout-flow\">\n<div class=\"wp-block-columns is-layout-flex wp-container-core-columns-is-layout-28f84493 wp-block-columns-is-layout-flex\">\n<div class=\"wp-block-column is-layout-flow wp-block-column-is-layout-flow\">\n<h2 class=\"wp-block-heading\">Despampanante<\/h2>\n\n\n\n<p>Flores de Pascua amarillas, bolas navide\u00f1as y mucho mucho brillo destacar\u00e1n en tu mesa navide\u00f1a. Para que quede a\u00fan m\u00e1s estiloso, prueba a a\u00f1adir velas color beige y una vajilla dorada. <br><br>Puedes jugar con los colores de las bolas para crear contrastes a tu gusto, pero nosotros te recomendamos utilizar colores de la misma gama crom\u00e1tica y la poinsettia con hojas amarillas. Pasa un alambre entre las bolas decorativas y la planta sin da\u00f1ar las ra\u00edces.<\/p>\n<\/div>\n\n\n\n<div class=\"wp-block-column is-layout-flow wp-block-column-is-layout-flow\">\n<figure class=\"wp-block-image size-full\"><img loading=\"lazy\" decoding=\"async\" width=\"1050\" height=\"875\" src=\"https:\/\/starsforeurope.com\/es\/wp-content\/uploads\/sites\/14\/2022\/12\/SfE.jpg\" alt=\"\" class=\"wp-image-7451\" srcset=\"https:\/\/starsforeurope.com\/es\/wp-content\/uploads\/sites\/14\/2022\/12\/SfE.jpg 1050w, https:\/\/starsforeurope.com\/es\/wp-content\/uploads\/sites\/14\/2022\/12\/SfE-300x250.jpg 300w, https:\/\/starsforeurope.com\/es\/wp-content\/uploads\/sites\/14\/2022\/12\/SfE-1024x853.jpg 1024w, https:\/\/starsforeurope.com\/es\/wp-content\/uploads\/sites\/14\/2022\/12\/SfE-768x640.jpg 768w, https:\/\/starsforeurope.com\/es\/wp-content\/uploads\/sites\/14\/2022\/12\/SfE-810x675.jpg 810w\" sizes=\"auto, (max-width: 1050px) 100vw, 1050px\" \/><\/figure>\n<\/div>\n<\/div>\n<\/div>\n<\/div>\n\n\n\n<div class=\"wp-block-columns is-layout-flex wp-container-core-columns-is-layout-28f84493 wp-block-columns-is-layout-flex\">\n<div class=\"wp-block-column is-layout-flow wp-block-column-is-layout-flow\">\n<div class=\"wp-block-columns is-layout-flex wp-container-core-columns-is-layout-28f84493 wp-block-columns-is-layout-flex\">\n<div class=\"wp-block-column is-layout-flow wp-block-column-is-layout-flow\">\n<h2 class=\"wp-block-heading\">Mininalista<\/h2>\n\n\n\n<p>Hay personas que prefieren las decoraciones navide\u00f1as muy exuberantes y otras que prefieren las m\u00e1s minimalistas. Esto, sin embargo, no es sin\u00f3nimo de aburrido. Existen muchas maneras de llamar la atenci\u00f3n con algo sencillo. Por eso mismo, te recomendamos los tonos suaves pastel, que desprenden una sensaci\u00f3n de calidez y confort y, especialmente cuando se combinan con materiales naturales, tienen un efecto tanto calmante como tonificante en el estado de \u00e1nimo.<\/p>\n<\/div>\n\n\n\n<div class=\"wp-block-column is-layout-flow wp-block-column-is-layout-flow\">\n<figure class=\"wp-block-image size-full\"><img loading=\"lazy\" decoding=\"async\" width=\"1050\" height=\"875\" src=\"https:\/\/starsforeurope.com\/es\/wp-content\/uploads\/sites\/14\/2022\/08\/2021-poinsettia-01000-boho-green-living-07.jpg\" alt=\"\" class=\"wp-image-4850\" srcset=\"https:\/\/starsforeurope.com\/es\/wp-content\/uploads\/sites\/14\/2022\/08\/2021-poinsettia-01000-boho-green-living-07.jpg 1050w, https:\/\/starsforeurope.com\/es\/wp-content\/uploads\/sites\/14\/2022\/08\/2021-poinsettia-01000-boho-green-living-07-300x250.jpg 300w, https:\/\/starsforeurope.com\/es\/wp-content\/uploads\/sites\/14\/2022\/08\/2021-poinsettia-01000-boho-green-living-07-1024x853.jpg 1024w, https:\/\/starsforeurope.com\/es\/wp-content\/uploads\/sites\/14\/2022\/08\/2021-poinsettia-01000-boho-green-living-07-768x640.jpg 768w, https:\/\/starsforeurope.com\/es\/wp-content\/uploads\/sites\/14\/2022\/08\/2021-poinsettia-01000-boho-green-living-07-810x675.jpg 810w\" sizes=\"auto, (max-width: 1050px) 100vw, 1050px\" \/><\/figure>\n<\/div>\n<\/div>\n<\/div>\n<\/div>\n\n\n\n<div class=\"wp-block-columns is-layout-flex wp-container-core-columns-is-layout-28f84493 wp-block-columns-is-layout-flex\">\n<div class=\"wp-block-column is-layout-flow wp-block-column-is-layout-flow\">\n<div class=\"wp-block-columns is-layout-flex wp-container-core-columns-is-layout-28f84493 wp-block-columns-is-layout-flex\">\n<div class=\"wp-block-column is-layout-flow wp-block-column-is-layout-flow\">\n<h2 class=\"wp-block-heading\">Elegante<\/h2>\n\n\n\n<p>Si te gusta m\u00e1s la decoraci\u00f3n cl\u00e1sica, esto te va a encantar. Esta es una opci\u00f3n para que tu decoraci\u00f3n se vea natural y elegante. <br><br>Se trata de plantar tus flores de Pascua rosas con macetas originales. Para el mantel te recomendamos un color blanco o beige y una vajilla color plata cl\u00e1sica.<\/p>\n<\/div>\n\n\n\n<div class=\"wp-block-column is-layout-flow wp-block-column-is-layout-flow\">\n<figure class=\"wp-block-image size-full\"><img loading=\"lazy\" decoding=\"async\" width=\"1050\" height=\"875\" src=\"https:\/\/starsforeurope.com\/es\/wp-content\/uploads\/sites\/14\/2022\/08\/2022_poinsettia_04110_DIY_Advent_Calendar_with_Painted_Jars_04.jpg\" alt=\"2022_poinsettia_04110_DIY_Advent_Calendar_with_Painted_Jars_04\" class=\"wp-image-4729\" srcset=\"https:\/\/starsforeurope.com\/es\/wp-content\/uploads\/sites\/14\/2022\/08\/2022_poinsettia_04110_DIY_Advent_Calendar_with_Painted_Jars_04.jpg 1050w, https:\/\/starsforeurope.com\/es\/wp-content\/uploads\/sites\/14\/2022\/08\/2022_poinsettia_04110_DIY_Advent_Calendar_with_Painted_Jars_04-300x250.jpg 300w, https:\/\/starsforeurope.com\/es\/wp-content\/uploads\/sites\/14\/2022\/08\/2022_poinsettia_04110_DIY_Advent_Calendar_with_Painted_Jars_04-1024x853.jpg 1024w, https:\/\/starsforeurope.com\/es\/wp-content\/uploads\/sites\/14\/2022\/08\/2022_poinsettia_04110_DIY_Advent_Calendar_with_Painted_Jars_04-768x640.jpg 768w, https:\/\/starsforeurope.com\/es\/wp-content\/uploads\/sites\/14\/2022\/08\/2022_poinsettia_04110_DIY_Advent_Calendar_with_Painted_Jars_04-810x675.jpg 810w\" sizes=\"auto, (max-width: 1050px) 100vw, 1050px\" \/><\/figure>\n<\/div>\n<\/div>\n<\/div>\n<\/div>\n\n\n\n<div class=\"wp-block-columns is-layout-flex wp-container-core-columns-is-layout-28f84493 wp-block-columns-is-layout-flex\">\n<div class=\"wp-block-column is-layout-flow wp-block-column-is-layout-flow\">\n<div class=\"wp-block-columns is-layout-flex wp-container-core-columns-is-layout-28f84493 wp-block-columns-is-layout-flex\">\n<div class=\"wp-block-column is-layout-flow wp-block-column-is-layout-flow\">\n<h2 class=\"wp-block-heading\">Navide\u00f1o<\/h2>\n\n\n\n<p>Si eres muy fan de la Navidad y de todo el material de decoraci\u00f3n de estas fiestas, te recomendamos hacer una composici\u00f3n navide\u00f1a con flores de Pascua de hojas rojas, pi\u00f1as, casta\u00f1as, etc. <br><br>Tambi\u00e9n lo puedes adornar poniendo velas navide\u00f1as.<\/p>\n<\/div>\n\n\n\n<div class=\"wp-block-column is-layout-flow wp-block-column-is-layout-flow\">\n<figure class=\"wp-block-image size-full\"><img loading=\"lazy\" decoding=\"async\" width=\"875\" height=\"1050\" src=\"https:\/\/starsforeurope.com\/es\/wp-content\/uploads\/sites\/14\/2022\/12\/202.jpg\" alt=\"\" class=\"wp-image-7452\" srcset=\"https:\/\/starsforeurope.com\/es\/wp-content\/uploads\/sites\/14\/2022\/12\/202.jpg 875w, https:\/\/starsforeurope.com\/es\/wp-content\/uploads\/sites\/14\/2022\/12\/202-250x300.jpg 250w, https:\/\/starsforeurope.com\/es\/wp-content\/uploads\/sites\/14\/2022\/12\/202-853x1024.jpg 853w, https:\/\/starsforeurope.com\/es\/wp-content\/uploads\/sites\/14\/2022\/12\/202-768x922.jpg 768w, https:\/\/starsforeurope.com\/es\/wp-content\/uploads\/sites\/14\/2022\/12\/202-563x675.jpg 563w\" sizes=\"auto, (max-width: 875px) 100vw, 875px\" \/><\/figure>\n<\/div>\n<\/div>\n<\/div>\n<\/div>\n\n\n\n<div class=\"wp-block-columns is-layout-flex wp-container-core-columns-is-layout-28f84493 wp-block-columns-is-layout-flex\">\n<div class=\"wp-block-column is-layout-flow wp-block-column-is-layout-flow\">\n<div class=\"wp-block-columns is-layout-flex wp-container-core-columns-is-layout-28f84493 wp-block-columns-is-layout-flex\">\n<div class=\"wp-block-column is-layout-flow wp-block-column-is-layout-flow\">\n<h2 class=\"wp-block-heading\">Calendario de Adviento<\/h2>\n\n\n\n<p>Si lo que te gusta es innovar en tus decoraciones navide\u00f1as, puedes crear un calendario de Adviento con poinsettias rojas. <br><br>Es una idea muy creativa y sencilla de hacer que les encantar\u00e1 a tus invitados. Con esto te diferenciar\u00e1s de todas las t\u00edpicas mesas de Navidad. Y para los m\u00e1s peques, puedes esconder chocolatinas en cada paquete.<\/p>\n<\/div>\n\n\n\n<div class=\"wp-block-column is-layout-flow wp-block-column-is-layout-flow\">\n<figure class=\"wp-block-image size-full\"><img loading=\"lazy\" decoding=\"async\" width=\"875\" height=\"1050\" src=\"https:\/\/starsforeurope.com\/es\/wp-content\/uploads\/sites\/14\/2022\/12\/2022-poinsettia-02120-diy-wooden-star-for-advent-05.jpg\" alt=\"\" class=\"wp-image-7453\" srcset=\"https:\/\/starsforeurope.com\/es\/wp-content\/uploads\/sites\/14\/2022\/12\/2022-poinsettia-02120-diy-wooden-star-for-advent-05.jpg 875w, https:\/\/starsforeurope.com\/es\/wp-content\/uploads\/sites\/14\/2022\/12\/2022-poinsettia-02120-diy-wooden-star-for-advent-05-250x300.jpg 250w, https:\/\/starsforeurope.com\/es\/wp-content\/uploads\/sites\/14\/2022\/12\/2022-poinsettia-02120-diy-wooden-star-for-advent-05-853x1024.jpg 853w, https:\/\/starsforeurope.com\/es\/wp-content\/uploads\/sites\/14\/2022\/12\/2022-poinsettia-02120-diy-wooden-star-for-advent-05-768x922.jpg 768w, https:\/\/starsforeurope.com\/es\/wp-content\/uploads\/sites\/14\/2022\/12\/2022-poinsettia-02120-diy-wooden-star-for-advent-05-563x675.jpg 563w\" sizes=\"auto, (max-width: 875px) 100vw, 875px\" \/><\/figure>\n<\/div>\n<\/div>\n<\/div>\n<\/div>\n\n\n\n<div class=\"wp-block-columns is-layout-flex wp-container-core-columns-is-layout-28f84493 wp-block-columns-is-layout-flex\">\n<div class=\"wp-block-column is-layout-flow wp-block-column-is-layout-flow\">\n<div class=\"wp-block-columns is-layout-flex wp-container-core-columns-is-layout-28f84493 wp-block-columns-is-layout-flex\">\n<div class=\"wp-block-column is-layout-flow wp-block-column-is-layout-flow\">\n<h2 class=\"wp-block-heading\">Alegre<\/h2>\n\n\n\n<p>El amarillo representa el sol y la luz. En amarillo brillante, la Flor de Pascua ilumina una habitaci\u00f3n y desprende alegr\u00eda y optimismo. <br><br>Por ello, las poinsettias amarillas son ideales para desterrar la melancol\u00eda y crear un estado de \u00e1nimo positivo en un sombr\u00edo d\u00eda de invierno.<\/p>\n<\/div>\n\n\n\n<div class=\"wp-block-column is-layout-flow wp-block-column-is-layout-flow\">\n<figure class=\"wp-block-image size-large size-full\"><img loading=\"lazy\" decoding=\"async\" width=\"1024\" height=\"853\" src=\"https:\/\/starsforeurope.com\/es\/wp-content\/uploads\/sites\/14\/2022\/09\/2021-poinsettia-04000-autumnal-glow-07-1024x853.jpg\" alt=\"\" class=\"wp-image-4857\" srcset=\"https:\/\/starsforeurope.com\/es\/wp-content\/uploads\/sites\/14\/2022\/09\/2021-poinsettia-04000-autumnal-glow-07-1024x853.jpg 1024w, https:\/\/starsforeurope.com\/es\/wp-content\/uploads\/sites\/14\/2022\/09\/2021-poinsettia-04000-autumnal-glow-07-300x250.jpg 300w, https:\/\/starsforeurope.com\/es\/wp-content\/uploads\/sites\/14\/2022\/09\/2021-poinsettia-04000-autumnal-glow-07-768x640.jpg 768w, https:\/\/starsforeurope.com\/es\/wp-content\/uploads\/sites\/14\/2022\/09\/2021-poinsettia-04000-autumnal-glow-07-810x675.jpg 810w, https:\/\/starsforeurope.com\/es\/wp-content\/uploads\/sites\/14\/2022\/09\/2021-poinsettia-04000-autumnal-glow-07.jpg 1050w\" sizes=\"auto, (max-width: 1024px) 100vw, 1024px\" \/><\/figure>\n<\/div>\n<\/div>\n<\/div>\n<\/div>\n\n\n\n<div class=\"wp-block-columns is-layout-flex wp-container-core-columns-is-layout-28f84493 wp-block-columns-is-layout-flex\">\n<div class=\"wp-block-column is-layout-flow wp-block-column-is-layout-flow\">\n<div class=\"wp-block-columns is-layout-flex wp-container-core-columns-is-layout-28f84493 wp-block-columns-is-layout-flex\">\n<div class=\"wp-block-column is-layout-flow wp-block-column-is-layout-flow\">\n<h2 class=\"wp-block-heading\">Moderno<\/h2>\n\n\n\n<p>Si quieres que ya antes de sentarse a la mesa tus invitados queden fascinados, puedes para darle un toque moderno al sal\u00f3n. Si te aburre el t\u00edpico \u00e1rbol de Navidad, este \u00e1rbol de Navidad casero, decorado con una encina (ilex verticillata) y luces de hadas, es a la vez fabulosamente rom\u00e1ntico y moderno. Consta de cinco troncos naturales de 1,8 m de largo atados en un extremo y montados como un tipi. El punto central es la cesta plantada con flores en el centro. Los regalos pueden colocarse bajo el marco de madera para ahorrar espacio <br><br>\u00a1Pero espera! Esto no acaba aqu\u00ed. Si te gusta la decoraci\u00f3n navide\u00f1a y no te inclinas por ninguno de estos centros de mesa, entra en la p\u00e1gina web de Stars For Europe, d\u00f3nde encontrar\u00e1s muchas m\u00e1s ideas e im\u00e1genes para insp\u00edrate y hacer tu propia mesa de Navidad con poinsettias.<\/p>\n<\/div>\n\n\n\n<div class=\"wp-block-column is-layout-flow wp-block-column-is-layout-flow\">\n<figure class=\"wp-block-image size-full\"><img loading=\"lazy\" decoding=\"async\" width=\"875\" height=\"1050\" src=\"https:\/\/starsforeurope.com\/es\/wp-content\/uploads\/sites\/14\/2022\/12\/Mar.jpg\" alt=\"\" class=\"wp-image-7454\" srcset=\"https:\/\/starsforeurope.com\/es\/wp-content\/uploads\/sites\/14\/2022\/12\/Mar.jpg 875w, https:\/\/starsforeurope.com\/es\/wp-content\/uploads\/sites\/14\/2022\/12\/Mar-250x300.jpg 250w, https:\/\/starsforeurope.com\/es\/wp-content\/uploads\/sites\/14\/2022\/12\/Mar-853x1024.jpg 853w, https:\/\/starsforeurope.com\/es\/wp-content\/uploads\/sites\/14\/2022\/12\/Mar-768x922.jpg 768w, https:\/\/starsforeurope.com\/es\/wp-content\/uploads\/sites\/14\/2022\/12\/Mar-563x675.jpg 563w\" sizes=\"auto, (max-width: 875px) 100vw, 875px\" \/><\/figure>\n<\/div>\n<\/div>\n<\/div>\n<\/div>\n\n\n<p>&nbsp;<\/p>","protected":false},"excerpt":{"rendered":"<p>La poinsettia, m\u00e1s conocida como flor de Pascua, se ha convertido en todo un s\u00edmbolo navide\u00f1o, junto con el mantel de la mesa donde se re\u00fane la familia para cenar en Nochebuena. Son elementos que no faltan en ninguna mesa durante las reuniones familiares de esta \u00e9poca del a\u00f1o. <\/p>\n","protected":false},"featured_media":8860,"template":"two-column-blog-single","blog_cat":[12,15],"blog_main":[129,52],"class_list":["post-7448","blog","type-blog","status-publish","has-post-thumbnail","hentry","blog_cat-decoration-tips","blog_cat-table-decoration","blog_main-adornos-de-mesa","blog_main-decoration"],"acf":[],"_links":{"self":[{"href":"https:\/\/starsforeurope.com\/es\/wp-json\/wp\/v2\/blog\/7448","targetHints":{"allow":["GET"]}}],"collection":[{"href":"https:\/\/starsforeurope.com\/es\/wp-json\/wp\/v2\/blog"}],"about":[{"href":"https:\/\/starsforeurope.com\/es\/wp-json\/wp\/v2\/types\/blog"}],"version-history":[{"count":4,"href":"https:\/\/starsforeurope.com\/es\/wp-json\/wp\/v2\/blog\/7448\/revisions"}],"predecessor-version":[{"id":9117,"href":"https:\/\/starsforeurope.com\/es\/wp-json\/wp\/v2\/blog\/7448\/revisions\/9117"}],"wp:featuredmedia":[{"embeddable":true,"href":"https:\/\/starsforeurope.com\/es\/wp-json\/wp\/v2\/media\/8860"}],"wp:attachment":[{"href":"https:\/\/starsforeurope.com\/es\/wp-json\/wp\/v2\/media?parent=7448"}],"wp:term":[{"taxonomy":"blog_cat","embeddable":true,"href":"https:\/\/starsforeurope.com\/es\/wp-json\/wp\/v2\/blog_cat?post=7448"},{"taxonomy":"blog_main","embeddable":true,"href":"https:\/\/starsforeurope.com\/es\/wp-json\/wp\/v2\/blog_main?post=7448"}],"curies":[{"name":"wp","href":"https:\/\/api.w.org\/{rel}","templated":true}]}}