{"id":5799,"date":"2018-11-07T11:19:26","date_gmt":"2018-11-07T10:19:26","guid":{"rendered":"https:\/\/weihnachtsstern.kinsta.cloud\/cz\/?post_type=press&#038;p=5799"},"modified":"2025-09-10T13:44:59","modified_gmt":"2025-09-10T11:44:59","slug":"vykroceni-do-vanocniho-obdobi-napady-na-adventni-kalendar-s-poinsettiemi","status":"publish","type":"press","link":"https:\/\/starsforeurope.com\/cz\/press\/vykroceni-do-vanocniho-obdobi-napady-na-adventni-kalendar-s-poinsettiemi\/","title":{"rendered":"Vykro\u010den\u00ed do v\u00e1no\u010dn\u00edho obdob\u00ed. N\u00e1pady na adventn\u00ed kalend\u00e1\u0159 s poinsettiemi."},"content":{"rendered":"<div class=\"wp-block-columns is-layout-flex wp-container-core-columns-is-layout-28f84493 wp-block-columns-is-layout-flex\">\r\n<div class=\"wp-block-column is-layout-flow wp-block-column-is-layout-flow\">\r\n<p>Odpo\u010d\u00edt\u00e1v\u00e1n\u00ed dn\u016f do V\u00e1noc za\u010d\u00edn\u00e1 1. prosince. On\u011bch 24 dn\u016f zb\u00fdvaj\u00edc\u00edch do \u0160t\u011bdr\u00e9ho dne p\u0159edstavuje cenn\u00fd \u010das str\u00e1ven\u00fd s rodinou. Adventn\u00ed kalend\u00e1\u0159 napln\u011bn\u00fd mal\u00fdmi d\u00e1rky a velkou tradic\u00ed nalad\u00ed zejm\u00e9na d\u011bti na nadch\u00e1zej\u00edc\u00ed oslavy. Hlavn\u00edmi surovinami p\u0159i v\u00fdrob\u011b tohoto vlastn\u00edho adventn\u00edho kalend\u00e1\u0159e jsou v\u00e1no\u010dn\u00ed hv\u011bzdy a l\u00e1ska!<\/p>\r\n<\/div>\r\n<\/div>\r\n\r\n\r\n\r\n<div class=\"wp-block-columns is-layout-flex wp-container-core-columns-is-layout-28f84493 wp-block-columns-is-layout-flex\">\r\n<div class=\"wp-block-column is-layout-flow wp-block-column-is-layout-flow\">\r\n<div class=\"wp-block-columns is-layout-flex wp-container-core-columns-is-layout-28f84493 wp-block-columns-is-layout-flex\">\r\n<div class=\"wp-block-column is-layout-flow wp-block-column-is-layout-flow\">\r\n<h2 class=\"wp-block-heading\">Pov\u011bste ho!<\/h2>\r\n\r\n\r\n\r\n<p>V\u00e1no\u010dn\u00ed obdob\u00ed zahrnuje \u010dty\u0159i ned\u011ble a v tomto adventn\u00edm kalend\u00e1\u0159i \u010dek\u00e1 na ka\u017edou ned\u011bli jeden d\u00e1rek. Drobn\u00e9 d\u00e1re\u010dky jsou zabalen\u00e9 do balic\u00edho pap\u00edru a p\u0159iv\u00e1zan\u00e9 k v\u011b\u0161\u00e1ku \u010derno-b\u00edle vzorovanou stuhou. <br \/><br \/>Mal\u00e9 o\u010d\u00edslovan\u00e9 d\u0159ev\u011bn\u00e9 ov\u00e1lky ozna\u010duj\u00ed ned\u011bli, kdy se m\u016f\u017ee dan\u00fd bal\u00ed\u010dek otev\u0159\u00edt. \u0158ezan\u00e9 poinsettie dod\u00e1vaj\u00ed cel\u00e9 sestav\u011b zvl\u00e1\u0161tn\u00ed v\u00e1no\u010dn\u00ed n\u00e1ladu a spolu s eukalyptov\u00fdmi listy zdob\u00ed mal\u00e1 p\u0159ekvapen\u00ed. <br \/><br \/>\u0158ezan\u00e9 poinsettie a eukalyptov\u00e9 proutky najdete tak\u00e9 ve v\u011bnci um\u00edst\u011bn\u00e9m na h\u00e1c\u00edch v\u011b\u0161\u00e1ku, kter\u00fd dopl\u0148uje celou podobu kalend\u00e1\u0159e. <br \/><br \/>Aby \u0159ezan\u00e9 poinsettie vydr\u017eely co nejd\u00e9le \u010derstv\u00e9, je pot\u0159eba co nejd\u0159\u00edve po u\u0159\u00edznut\u00ed stonk\u016f zabr\u00e1nit vyt\u00e9k\u00e1n\u00ed ml\u00e9\u010dn\u011b zbarven\u00e9 \u0161\u0165\u00e1vy ze stonku. Od\u0159\u00edzn\u011bte stonek \u0161ikmo, poinsettii dr\u017ete asi 5 vte\u0159in ve vod\u011b oh\u0159\u00e1t\u00e9 na 60 \u00b0C a pak ji pono\u0159te do studen\u00e9 vody.<\/p>\r\n<\/div>\r\n\r\n\r\n\r\n<div class=\"wp-block-column is-layout-flow wp-block-column-is-layout-flow\">\r\n<figure class=\"wp-block-image size-full\"><img decoding=\"async\" src=\"https:\/\/starsforeurope.com\/cz\/wp-content\/uploads\/sites\/20\/2022\/09\/2018_poinsettia_0100_Christmas_Tales_41.jpg\" alt=\"\" \/><\/figure>\r\n<\/div>\r\n<\/div>\r\n\r\n\r\n\r\n<div class=\"wp-block-columns is-layout-flex wp-container-core-columns-is-layout-28f84493 wp-block-columns-is-layout-flex\">\r\n<div class=\"wp-block-column is-layout-flow wp-block-column-is-layout-flow\">\r\n<p>Po tomto o\u0161et\u0159en\u00ed z\u016fstanou barevn\u00e9 listeny ve zkumavk\u00e1ch na orchideje napln\u011bn\u00fdch vodou kouzeln\u011b kr\u00e1sn\u00e9 a\u017e dva t\u00fddny. <strong>Mimochodem:<\/strong> na rozd\u00edl od toho, co se \u010dasto \u0159\u00edk\u00e1, nen\u00ed ml\u00e9\u010dn\u00e1 \u0161\u0165\u00e1va na\u0161ich m\u00edstn\u00edch poinsetti\u00ed pro \u010dlov\u011bka nebezpe\u010dn\u00e1.<\/p>\r\n<\/div>\r\n<\/div>\r\n<\/div>\r\n<\/div>\r\n\r\n\r\n\r\n<div class=\"wp-block-columns is-layout-flex wp-container-core-columns-is-layout-28f84493 wp-block-columns-is-layout-flex\">\r\n<div class=\"wp-block-column is-layout-flow wp-block-column-is-layout-flow\">\r\n<div class=\"wp-block-columns is-layout-flex wp-container-core-columns-is-layout-28f84493 wp-block-columns-is-layout-flex\">\r\n<div class=\"wp-block-column is-layout-flow wp-block-column-is-layout-flow\">\r\n<h2 class=\"wp-block-heading\">P\u0159iv\u00e1zan\u00e9 na \u0161\u0148\u016frk\u00e1ch<\/h2>\r\n\r\n\r\n\r\n<p>V na\u0161em druh\u00e9m adventn\u00edm kalend\u00e1\u0159i jsou d\u00e1rky zabalen\u00e9 v hn\u011bd\u00e9m balic\u00edm pap\u00edru a vzorovan\u00e9m voskov\u00e9m pap\u00edru. Tentokr\u00e1t jich je v\u0161ak 24. N\u011bkter\u00e9 z mal\u00fdch bal\u00ed\u010dk\u016f jsou p\u0159iv\u00e1zan\u00e9 k p\u0159\u00ed\u010dk\u00e1m d\u0159ev\u011bn\u00e9 police bavln\u011bnou \u0161\u0148\u016frou, jin\u00e9 r\u016f\u017eovou sat\u00e9novou stuhou. N\u00e1lepky s \u010d\u00edslicemi m\u016f\u017eete koupit hotov\u00e9, co\u017e sni\u017euje objem ru\u010dn\u00ed pr\u00e1ce na tomto v\u00fdrobku na minimum. <br \/><br \/>Postavte vedle d\u00e1re\u010dk\u016f lososov\u011b zbarven\u00e9 v\u00e1no\u010dn\u00ed hv\u011bzdy a v\u00e1\u0161 adventn\u00ed kalend\u00e1\u0159 je hotov\u00fd.<\/p>\r\n<\/div>\r\n\r\n\r\n\r\n<div class=\"wp-block-column is-layout-flow wp-block-column-is-layout-flow\">\r\n<figure class=\"wp-block-image size-full\"><img decoding=\"async\" src=\"https:\/\/starsforeurope.com\/cz\/wp-content\/uploads\/sites\/20\/2022\/09\/2018_poinsettia_0200_DIY_Advent_Calendar_Op.jpg\" alt=\"\" \/><\/figure>\r\n<\/div>\r\n<\/div>\r\n<\/div>\r\n<\/div>\r\n\r\n\r\n\r\n<div class=\"wp-block-columns is-layout-flex wp-container-core-columns-is-layout-28f84493 wp-block-columns-is-layout-flex\">\r\n<div class=\"wp-block-column is-layout-flow wp-block-column-is-layout-flow\">\r\n<div class=\"wp-block-columns is-layout-flex wp-container-core-columns-is-layout-28f84493 wp-block-columns-is-layout-flex\">\r\n<div class=\"wp-block-column is-layout-flow wp-block-column-is-layout-flow\">\r\n<h2 class=\"wp-block-heading\">P\u0159ekvapen\u00ed\u010dko na ka\u017ed\u00fd den<\/h2>\r\n\r\n\r\n\r\n<p>S radostn\u00fdm o\u010dek\u00e1v\u00e1n\u00edm V\u00e1noc p\u0159ich\u00e1z\u00ed z\u00e1liba v kr\u00e1sn\u00fdch ozdob\u00e1ch. Tento luxusn\u00ed adventn\u00ed kalend\u00e1\u0159 upout\u00e1 pozornost na prvn\u00ed pohled. Spojuje radost adventn\u00edho pocitu s mal\u00fdm p\u0159ekvapen\u00edm na ka\u017ed\u00fd den. V centru pozornosti: v\u00e1no\u010dn\u00ed hv\u011bzda &#8211; poinsettia. V\u0161echno, co pot\u0159ebujete, je velk\u00e1 poinsettie, slam\u011bn\u00fd kruh, ozdobn\u00fd kv\u011btin\u00e1\u010d, tlust\u00e9 vln\u011bn\u00e9 nebo plst\u011bn\u00e9 prov\u00e1zky, sat\u00e9nov\u00e1 stuha, stuha z organt\u00fdnu, p\u0159\u00edze, 24 kartonov\u00fdch trubi\u010dek dlouh\u00fdch 8-10 centimetr\u016f, balic\u00ed pap\u00edr, tlust\u0161\u00ed barevn\u00fd pap\u00edr, popisova\u010d, pilka s jemn\u00fdmi zuby, lemovac\u00ed n\u016f\u017eky, d\u011brova\u010d, mikrotenov\u00fd s\u00e1\u010dek na kv\u011btin\u00e1\u010d s poinsetti\u00ed a dekora\u010dn\u00ed materi\u00e1ly, nap\u0159\u00edklad slam\u011bn\u00e9 hv\u011bzdi\u010dky, \u0161i\u0161ky, su\u0161en\u00e9 bobule nebo listy, a tak\u00e9 sladkosti a drobn\u00e9 adventn\u00ed d\u00e1rky.<\/p>\r\n<\/div>\r\n<\/div>\r\n\r\n\r\n\r\n<div class=\"wp-block-columns is-layout-flex wp-container-core-columns-is-layout-28f84493 wp-block-columns-is-layout-flex\">\r\n<div class=\"wp-block-column is-layout-flow wp-block-column-is-layout-flow\">\r\n<figure class=\"wp-block-image size-full\"><img decoding=\"async\" src=\"https:\/\/starsforeurope.com\/cz\/wp-content\/uploads\/sites\/20\/2022\/09\/2018_poinsettia_0200_DIY_Advent_Calendar_Opulenc.jpg\" alt=\"\" \/><\/figure>\r\n<\/div>\r\n\r\n\r\n\r\n<div class=\"wp-block-column is-layout-flow wp-block-column-is-layout-flow\">\r\n<figure class=\"wp-block-image size-full\"><img decoding=\"async\" src=\"https:\/\/starsforeurope.com\/cz\/wp-content\/uploads\/sites\/20\/2022\/09\/2018_poinsettia_0200_DIY_Advent_Calendar_Opulenc-2.jpg\" alt=\"\" \/><\/figure>\r\n<\/div>\r\n<\/div>\r\n\r\n\r\n\r\n<div class=\"wp-block-columns is-layout-flex wp-container-core-columns-is-layout-28f84493 wp-block-columns-is-layout-flex\">\r\n<div class=\"wp-block-column is-layout-flow wp-block-column-is-layout-flow\">\r\n<p><strong>Krok 1:<\/strong> Omotejte slam\u011bn\u00fd kruh \u0161irokou sat\u00e9novou stuhou. Potom na kruh namotejte druhou vrstvu u\u017e\u0161\u00ed organt\u00fdnov\u00e9 stuhy a vln\u011bn\u00fd nebo plst\u011bn\u00fd prov\u00e1zek, abyste dos\u00e1hli \u017eebrovan\u00e9ho, strukturovan\u00e9ho vzhledu. V\u011bnec polo\u017ete na okraj ozdobn\u00e9ho kv\u011btin\u00e1\u010de. <br \/><br \/><strong>Krok 2:<\/strong> Pevn\u00e9 kartonov\u00e9 trubi\u010dky na\u0159e\u017ete na d\u00e9lku 8-10 cm. Nejl\u00e9pe se v\u00e1m to povede pilkou s jemn\u00fdmi zuby. Budete pot\u0159ebovat 24 trubi\u010dek. Nyn\u00ed napl\u0148te trubi\u010dky sladkostmi a d\u00e1re\u010dky. Ka\u017edou trubi\u010dku zabalte do balic\u00edho pap\u00edru o n\u011bco del\u0161\u00edho ne\u017e trubi\u010dka a p\u0159e\u010dn\u00edvaj\u00edc\u00ed okraje st\u00e1hn\u011bte prov\u00e1zkem jako bonbon. Na jednom konci nechte dlouh\u00fd prov\u00e1zek k zav\u011b\u0161en\u00ed na kalend\u00e1\u0159.<\/p>\r\n<\/div>\r\n<\/div>\r\n\r\n\r\n\r\n<div class=\"wp-block-columns is-layout-flex wp-container-core-columns-is-layout-28f84493 wp-block-columns-is-layout-flex\">\r\n<div class=\"wp-block-column is-layout-flow wp-block-column-is-layout-flow\">\r\n<figure class=\"wp-block-image size-full\"><img decoding=\"async\" src=\"https:\/\/starsforeurope.com\/cz\/wp-content\/uploads\/sites\/20\/2022\/09\/2018_poinsettia_0200_DIY_Advent_Calendar_Opulenc-3.jpg\" alt=\"\" \/><\/figure>\r\n<\/div>\r\n\r\n\r\n\r\n<div class=\"wp-block-column is-layout-flow wp-block-column-is-layout-flow\">\r\n<figure class=\"wp-block-image size-full\"><img decoding=\"async\" src=\"https:\/\/starsforeurope.com\/cz\/wp-content\/uploads\/sites\/20\/2022\/09\/2018_poinsettia_0200_DIY_Advent_Calendar_Opulenc-4.jpg\" alt=\"\" \/><\/figure>\r\n<\/div>\r\n<\/div>\r\n\r\n\r\n\r\n<div class=\"wp-block-columns is-layout-flex wp-container-core-columns-is-layout-28f84493 wp-block-columns-is-layout-flex\">\r\n<div class=\"wp-block-column is-layout-flow wp-block-column-is-layout-flow\">\r\n<p>&nbsp;<\/p>\r\n<div class=\"posts__item__text\"><br \/>\r\n<div class=\"news-text-wrap\"><br \/><br \/><strong>Krok 3:<\/strong> Lemovac\u00edmi n\u016f\u017ekami vyst\u0159ihn\u011bte z barevn\u00e9ho pap\u00edru 24 krou\u017ek\u016f, ud\u011blejte do nich otvor d\u011brova\u010dem a popisova\u010dem (&#8222;fixem&#8220;) napi\u0161te na ka\u017ed\u00fd z nich \u010d\u00edslici od 1 do 24. O\u010d\u00edslovan\u00e9 krou\u017eky navl\u00e9kn\u011bte na dlouh\u00fd prov\u00e1zek na d\u00e1re\u010dku. D\u00e1re\u010dky p\u0159iva\u017ete k v\u011bnci. Aby byl kalend\u00e1\u0159 je\u0161t\u011b ozdobn\u011bj\u0161\u00ed, navl\u00e9kn\u011bte nebo p\u0159iva\u017ete na p\u0159\u00edzi \u0161i\u0161ky, eukalyptov\u00e9 listy, \u010derven\u00e9 plody cesm\u00edny, hv\u011bzdi\u010dky a jin\u00e9 ozdoby a upevn\u011bte je na v\u011bnec. <br \/><br \/><strong>Krok 4:<\/strong> Te\u010f u\u017e zb\u00fdv\u00e1 jenom dokon\u010den\u00ed: ulo\u017ete velkou v\u00e1no\u010dn\u00ed hv\u011bzdu v kv\u011btin\u00e1\u010di zabalen\u00e9m do mikrotenov\u00e9ho s\u00e1\u010dku, aby nepropou\u0161t\u011bl vodu, do kv\u011btin\u00e1\u010de s v\u011bncem. Je-li to pot\u0159ebn\u00e9, vlo\u017ete do ozdobn\u00e9ho kv\u011btin\u00e1\u010de nejprve zma\u010dkan\u00fd pap\u00edr, aby rostlina byla v pot\u0159ebn\u00e9 v\u00fd\u0161ce. <br \/><br \/><\/div>\r\n<\/div>\r\n<\/div>\r\n<\/div>\r\n<\/div>\r\n<\/div>\r\n\r\n<p>&nbsp;<\/p>","protected":false},"excerpt":{"rendered":"<p>Dom\u00e1c\u00ed adventn\u00ed kalend\u00e1\u0159 z\u00e1\u0159iv\u011b r\u00e1muje sv\u00e1te\u010dn\u00ed obdob\u00ed. P\u0159edstavujeme v\u00e1m t\u0159i dekorativn\u00ed DIY adventn\u00ed kalend\u00e1\u0159e s poinsetti\u00ed.<\/p>\n","protected":false},"featured_media":5495,"template":"two-column-press","press_cat":[27,30],"press_main":[126,125,130,53],"class_list":["post-5799","press","type-press","status-publish","has-post-thumbnail","hentry","press_cat-advent-decoration","press_cat-diy","press_main-adventni-dekorace","press_main-dekorace","press_main-diy-upcyklace","press_main-pressemitteilungen"],"acf":[],"_links":{"self":[{"href":"https:\/\/starsforeurope.com\/cz\/wp-json\/wp\/v2\/press\/5799","targetHints":{"allow":["GET"]}}],"collection":[{"href":"https:\/\/starsforeurope.com\/cz\/wp-json\/wp\/v2\/press"}],"about":[{"href":"https:\/\/starsforeurope.com\/cz\/wp-json\/wp\/v2\/types\/press"}],"version-history":[{"count":19,"href":"https:\/\/starsforeurope.com\/cz\/wp-json\/wp\/v2\/press\/5799\/revisions"}],"predecessor-version":[{"id":7524,"href":"https:\/\/starsforeurope.com\/cz\/wp-json\/wp\/v2\/press\/5799\/revisions\/7524"}],"wp:featuredmedia":[{"embeddable":true,"href":"https:\/\/starsforeurope.com\/cz\/wp-json\/wp\/v2\/media\/5495"}],"wp:attachment":[{"href":"https:\/\/starsforeurope.com\/cz\/wp-json\/wp\/v2\/media?parent=5799"}],"wp:term":[{"taxonomy":"press_cat","embeddable":true,"href":"https:\/\/starsforeurope.com\/cz\/wp-json\/wp\/v2\/press_cat?post=5799"},{"taxonomy":"press_main","embeddable":true,"href":"https:\/\/starsforeurope.com\/cz\/wp-json\/wp\/v2\/press_main?post=5799"}],"curies":[{"name":"wp","href":"https:\/\/api.w.org\/{rel}","templated":true}]}}