{"id":5632,"date":"2019-12-16T10:57:58","date_gmt":"2019-12-16T09:57:58","guid":{"rendered":"https:\/\/weihnachtsstern.kinsta.cloud\/cz\/?post_type=press&#038;p=5632"},"modified":"2025-09-10T10:05:00","modified_gmt":"2025-09-10T08:05:00","slug":"nejhezci-napady-na-vyzdobu-stolu-s-poinsettiemi","status":"publish","type":"press","link":"https:\/\/starsforeurope.com\/cz\/press\/nejhezci-napady-na-vyzdobu-stolu-s-poinsettiemi\/","title":{"rendered":"Nejhez\u010d\u00ed n\u00e1pady na v\u00fdzdobu stolu s poinsettiemi"},"content":{"rendered":"<div class=\"wp-block-columns is-layout-flex wp-container-core-columns-is-layout-28f84493 wp-block-columns-is-layout-flex\">\r\n<div class=\"wp-block-column is-layout-flow wp-block-column-is-layout-flow\">\r\n<p>V obdob\u00ed V\u00e1noc hraje velmi d\u016fle\u017eitou \u00falohu spole\u010dn\u00e9 stolov\u00e1n\u00ed. Slavnostn\u011b prost\u0159en\u00fd st\u016fl s poinsettiemi k tomu vytv\u00e1\u0159\u00ed dokonal\u00e9 prost\u0159ed\u00ed. Z n\u00ed\u017ee uveden\u00fdch n\u00e1pad\u016f si m\u016f\u017ee ka\u017ed\u00fd vybrat ten nejhez\u010d\u00ed podle sv\u00e9ho vkusu.<\/p>\r\n\r\n\r\n\r\n<div class=\"wp-block-columns is-layout-flex wp-container-core-columns-is-layout-28f84493 wp-block-columns-is-layout-flex\">\r\n<div class=\"wp-block-column is-layout-flow wp-block-column-is-layout-flow\">\r\n<h2 class=\"wp-block-heading\">B\u00edl\u00e1 je trendy<\/h2>\r\n\r\n\r\n\r\n<p>Kdo by nesnil o b\u00edl\u00fdch V\u00e1noc\u00edch? Zimn\u00ed poh\u00e1dku m\u016f\u017eete p\u0159en\u00e9st i do interi\u00e9ru prost\u0159ednictv\u00edm b\u00edl\u00fdch nebo smetanov\u011b zbarven\u00fdch poinsetti\u00ed v r\u016fzn\u00fdch podob\u00e1ch. <br \/><br \/>Sv\u00e1te\u010dn\u011b prost\u0159en\u00fd st\u016fl snadno a rychle. Poinsettie v r\u016fzn\u00fdch odst\u00ednech b\u00edl\u00e9 a smetanov\u00e9 jsou um\u00edst\u011bny do st\u0159edu stolu ve zvln\u011bn\u00e9 \u0159ad\u011b. St\u016fj je dozdoben n\u011bkolika dekora\u010dn\u00edmi prvky v m\u011bd\u011bn\u00e9 a polopr\u016fsvitn\u00e9 b\u00edl\u00e9 barv\u011b.<\/p>\r\n<\/div>\r\n\r\n\r\n\r\n<div class=\"wp-block-column is-layout-flow wp-block-column-is-layout-flow\">\r\n<figure class=\"wp-block-image size-full\"><img decoding=\"async\" src=\"https:\/\/starsforeurope.com\/cz\/wp-content\/uploads\/sites\/20\/2022\/09\/2019_poinsettia_03000_Colourful_Christmas_at_Home_45.jpg\" alt=\"\" \/><\/figure>\r\n<\/div>\r\n<\/div>\r\n\r\n\r\n\r\n<div class=\"wp-block-columns is-layout-flex wp-container-core-columns-is-layout-28f84493 wp-block-columns-is-layout-flex\">\r\n<div class=\"wp-block-column is-layout-flow wp-block-column-is-layout-flow\">\r\n<p>M\u00e9n\u011b je v\u00edce. Toto pravidlo plat\u00ed i pro aran\u017em\u00e1 v\u00e1no\u010dn\u00edho stolu. B\u00edl\u00e9 a smetanov\u011b zbarven\u00e9 poinsettie budou vypadat p\u011bkn\u011b v jednoduch\u00fdch obalech nebo zabalen\u00e9 do pap\u00edru na pe\u010den\u00ed. Kr\u00e1sn\u011b zbarven\u00e9 listeny tak naplno vyniknou.<\/p>\r\n<\/div>\r\n<\/div>\r\n\r\n\r\n\r\n<div class=\"wp-block-columns is-layout-flex wp-container-core-columns-is-layout-28f84493 wp-block-columns-is-layout-flex\">\r\n<div class=\"wp-block-column is-layout-flow wp-block-column-is-layout-flow\">\r\n<figure class=\"wp-block-image size-full\"><img decoding=\"async\" src=\"https:\/\/starsforeurope.com\/cz\/wp-content\/uploads\/sites\/20\/2022\/09\/2019_poinsettia_05000_Christmas_Clarity_02.jpg\" alt=\"\" \/><\/figure>\r\n<\/div>\r\n<\/div>\r\n<\/div>\r\n<\/div>\r\n\r\n\r\n\r\n<div class=\"wp-block-columns is-layout-flex wp-container-core-columns-is-layout-28f84493 wp-block-columns-is-layout-flex\">\r\n<div class=\"wp-block-column is-layout-flow wp-block-column-is-layout-flow\">\r\n<div class=\"wp-block-columns is-layout-flex wp-container-core-columns-is-layout-28f84493 wp-block-columns-is-layout-flex\">\r\n<div class=\"wp-block-column is-layout-flow wp-block-column-is-layout-flow\">\r\n<h2 class=\"wp-block-heading\">V\u00e1no\u010dn\u00ed minimalismus<\/h2>\r\n\r\n\r\n\r\n<p>Nejlep\u0161\u00ed dekorace jsou ty, kter\u00e9 p\u0159isp\u00edvaj\u00ed k p\u0159\u00edjemn\u00e9 n\u00e1lad\u011b, ani\u017e by na sebe strh\u00e1valy v\u0161echnu pozornost. Tento n\u00e1pad pro vlastnoru\u010dn\u00ed v\u00fdrobu v sob\u011b spojuje nejd\u016fle\u017eit\u011bj\u0161\u00ed symboly adventu a V\u00e1noc. Budete pot\u0159ebovat: miniaturn\u00ed poinsettie, obd\u00e9ln\u00edkovou d\u0159ev\u011bnou krabici, prk\u00e9nko, dr\u017e\u00e1ky na sv\u00ed\u010dky, pap\u00edr na pe\u010den\u00ed, sklen\u011bn\u00e9 kouli\u010dky s dr\u00e1tkem a jin\u00e9 ozdoby, zahradnickou zeminu a p\u0159\u00edpadn\u011b plastovou f\u00f3lii. D\u00e1le pak tavnou lepic\u00ed pistoli, vrta\u010dku a lopatku.<\/p>\r\n<\/div>\r\n<\/div>\r\n\r\n\r\n\r\n<figure class=\"wp-block-image size-full\"><img decoding=\"async\" src=\"https:\/\/starsforeurope.com\/cz\/wp-content\/uploads\/sites\/20\/2022\/09\/2019_poinsettia_05530_DIY_table_centrepiece_01.jpg\" alt=\"\" \/><\/figure>\r\n\r\n\r\n\r\n<div class=\"wp-block-columns is-layout-flex wp-container-core-columns-is-layout-28f84493 wp-block-columns-is-layout-flex\">\r\n<div class=\"wp-block-column is-layout-flow wp-block-column-is-layout-flow\">\r\n<p>Jak na to: Nejprve p\u0159ipevn\u011bte tavn\u00fdm lepidlem prk\u00e9nko k d\u0159ev\u011bn\u00e9 krabici. Potom vyvrtejte \u010dty\u0159i otvory pro dr\u017e\u00e1ky sv\u00ed\u010dek a dr\u017e\u00e1ky do nich zasu\u0148te. Podle pot\u0159eby je p\u0159ilepte tavn\u00fdm lepidlem. V dal\u0161\u00edm kroku nalepte oboustrannou lepic\u00ed p\u00e1sku na vn\u011bj\u0161\u00ed stranu d\u0159ev\u011bn\u00e9 krabice, sloupn\u011bte kryt z vrchn\u00ed strany a p\u0159itiskn\u011bte zma\u010dkan\u00fd pap\u00edr na pe\u010den\u00ed na p\u00e1sku tak, aby byla cel\u00e1 krabice pokryt\u00e1 pap\u00edrem. <br \/><br \/>Napl\u0148te d\u0159ev\u011bnou krabici zeminou, zasa\u010fte miniaturn\u00ed poinsettie a ozdobte je podle chuti sklen\u011bn\u00fdmi kuli\u010dkami. Hotovo! Tip: Pokud chcete, m\u016f\u017eete krabici p\u0159ed vyvrt\u00e1n\u00edm otvor\u016f vylo\u017eit plastovou f\u00f3li\u00ed.<\/p>\r\n<\/div>\r\n<\/div>\r\n<\/div>\r\n<\/div>\r\n\r\n\r\n\r\n<div class=\"wp-block-columns is-layout-flex wp-container-core-columns-is-layout-28f84493 wp-block-columns-is-layout-flex\">\r\n<div class=\"wp-block-column is-layout-flow wp-block-column-is-layout-flow\">\r\n<div class=\"wp-block-columns is-layout-flex wp-container-core-columns-is-layout-28f84493 wp-block-columns-is-layout-flex\">\r\n<div class=\"wp-block-column is-layout-flow wp-block-column-is-layout-flow\">\r\n<h2 class=\"wp-block-heading\">Vypr\u00e1v\u011bn\u00ed poh\u00e1dek<\/h2>\r\n\r\n\r\n\r\n<p>Mnoz\u00ed budou jist\u011b souhlasit s t\u00edm, \u017ee V\u00e1noce jsou n\u00e1vratem k poh\u00e1dk\u00e1m a vzpom\u00ednk\u00e1m z na\u0161eho d\u011btstv\u00ed. Vyvolat tyto kr\u00e1sn\u00e9 chv\u00edle a pokra\u010dovat v poh\u00e1dkov\u00e9m vypr\u00e1v\u011bn\u00ed m\u016f\u017ee i origin\u00e1ln\u011b prost\u0159en\u00fd st\u016fl jako je tento. Sta\u010d\u00ed z p\u016fdy p\u0159in\u00e9st a na st\u016fl naaran\u017eovat star\u00fd d\u0159ev\u011bn\u00fd vl\u00e1\u010dek. Na st\u016fl m\u016f\u017eete p\u0159idat v\u0161echno, co v\u00e1m pom\u016f\u017ee vytvo\u0159it prost\u0159ed\u00ed zimn\u00edho lesa, figurky lesn\u00edch zv\u00ed\u0159at a miniaturn\u00ed jedli\u010dky s b\u00edl\u00fdmi \u0161pi\u010dkami. Malink\u00e9 sv\u00ed\u010dky &#8211; rovn\u011b\u017e ve tvaru stromk\u016f &#8211; budou na &#8222;temn\u00fd les&#8220; vrhat uklid\u0148uj\u00edc\u00ed sv\u011btlo. Slavnostn\u00ed r\u00e1z cel\u00e9 tabuli dodaj\u00ed jasn\u011b \u010derven\u00e9 poinsettie r\u016fzn\u00fdch velikost\u00ed. A V\u00e1noce mohou za\u010d\u00edt!<\/p>\r\n<\/div>\r\n<\/div>\r\n\r\n\r\n\r\n<div class=\"wp-block-columns is-layout-flex wp-container-core-columns-is-layout-28f84493 wp-block-columns-is-layout-flex\">\r\n<div class=\"wp-block-column is-layout-flow wp-block-column-is-layout-flow\">\r\n<figure class=\"wp-block-image size-full\"><img decoding=\"async\" src=\"https:\/\/starsforeurope.com\/cz\/wp-content\/uploads\/sites\/20\/2022\/09\/2019_poinsettia_04000_christmas_miniatures_07.jpg\" alt=\"\" \/><\/figure>\r\n<\/div>\r\n<\/div>\r\n\r\n\r\n\r\n<div class=\"wp-block-columns is-layout-flex wp-container-core-columns-is-layout-28f84493 wp-block-columns-is-layout-flex\">\r\n<div class=\"wp-block-column is-layout-flow wp-block-column-is-layout-flow\">\r\n<h2 class=\"wp-block-heading\">Kouzeln\u00fd sv\u011bt V\u00e1noc<\/h2>\r\n\r\n\r\n\r\n<p>Tato kr\u00e1sn\u00e1 v\u00fdzdoba stolu jako by byla p\u0159enesena z kouzeln\u00e9 v\u00e1no\u010dn\u00ed zem\u011b a va\u0161e hosty ur\u010dit\u011b p\u0159ekvap\u00ed! Do st\u0159edu stolu upravte &#8222;b\u011bhoun&#8220; z chvoj\u00ed a rozestavte sv\u00ed\u010dky a r\u016fzn\u011b zbarven\u00e9 miniaturn\u00ed poinsettie v kv\u011btin\u00e1\u010d\u00edch v nepravideln\u00e9 \u0159ad\u011b. P\u0159idejte barevn\u00e9 kuli\u010dky a jin\u00e9 v\u00e1no\u010dn\u00ed ozdoby. Tip: Zkuste pou\u017e\u00edt i n\u011bkolik v\u011btvi\u010dek eukalyptu. Jako p\u0159\u00edrodn\u00ed materi\u00e1l je eukalyptus vysoce m\u00f3dn\u00ed a dod\u00e1v\u00e1 jak\u00e9koli v\u00fdzdob\u011b prvek v\u00fdjime\u010dnosti.<\/p>\r\n<\/div>\r\n<\/div>\r\n\r\n\r\n\r\n<div class=\"wp-block-columns is-layout-flex wp-container-core-columns-is-layout-28f84493 wp-block-columns-is-layout-flex\">\r\n<div class=\"wp-block-column is-layout-flow wp-block-column-is-layout-flow\">\r\n<figure class=\"wp-block-image size-full\"><img decoding=\"async\" src=\"https:\/\/starsforeurope.com\/cz\/wp-content\/uploads\/sites\/20\/2022\/09\/2019_poinsettia_02000_christmas_wonderland_40.jpg\" alt=\"\" \/><\/figure>\r\n<\/div>\r\n\r\n\r\n\r\n<div class=\"wp-block-column is-layout-flow wp-block-column-is-layout-flow\">\r\n<figure class=\"wp-block-image size-full\"><img decoding=\"async\" src=\"https:\/\/starsforeurope.com\/cz\/wp-content\/uploads\/sites\/20\/2022\/09\/2019_poinsettia_02000_christmas_wonderland_41.jpg\" alt=\"\" \/><\/figure>\r\n<\/div>\r\n<\/div>\r\n\r\n\r\n\r\n<div class=\"wp-block-columns is-layout-flex wp-container-core-columns-is-layout-28f84493 wp-block-columns-is-layout-flex\">\r\n<div class=\"wp-block-column is-layout-flow wp-block-column-is-layout-flow\">\r\n<p>Miniaturn\u00ed poinsettie rozsv\u00edt\u00ed ka\u017ed\u00fd slavnostn\u011b prost\u0159en\u00fd st\u016fl. Pro opravdu stylov\u00fd a efektn\u00ed v\u00e1no\u010dn\u00ed st\u016fl zkombinujte r\u016f\u017eov\u00e9 se staror\u016f\u017eov\u00fdmi a b\u00edl\u00fdmi a dopl\u0148te je v\u00e1no\u010dn\u00edmi ozdobami v pastelov\u00fdch a kovov\u00fdch barv\u00e1ch, kter\u00e9 se k nim budou skv\u011ble hodit.<\/p>\r\n<\/div>\r\n<\/div>\r\n<\/div>\r\n<\/div>\r\n\r\n\r\n\r\n<div class=\"wp-block-columns is-layout-flex wp-container-core-columns-is-layout-28f84493 wp-block-columns-is-layout-flex\">\r\n<div class=\"wp-block-column is-layout-flow wp-block-column-is-layout-flow\">\r\n<div class=\"wp-block-columns is-layout-flex wp-container-core-columns-is-layout-28f84493 wp-block-columns-is-layout-flex\">\r\n<div class=\"wp-block-column is-layout-flow wp-block-column-is-layout-flow\">\r\n<h2 class=\"wp-block-heading\">Pro pokro\u010dilej\u0161\u00ed<\/h2>\r\n\r\n\r\n\r\n<p>Tento n\u00e1pad je ur\u010den t\u011bm, kte\u0159\u00ed u\u017e maj\u00ed se zhotovov\u00e1n\u00edm v\u00e1no\u010dn\u00edch dekorac\u00ed v\u00edce zku\u0161enost\u00ed. Velk\u00e1, v\u00e1no\u010dn\u011b ozdoben\u00e1 mod\u0159\u00ednov\u00e1 v\u011btev vis\u00ed nad stolem. St\u016fl zdob\u00ed poinsettie v kv\u011btin\u00e1\u010d\u00edch r\u016fzn\u00fdch velikost\u00ed a \u0159ezan\u00e9 poinsettie ve zkumavk\u00e1ch jsou polo\u017eeny na tal\u00ed\u0159e.<\/p>\r\n<\/div>\r\n<\/div>\r\n\r\n\r\n\r\n<div class=\"wp-block-columns is-layout-flex wp-container-core-columns-is-layout-28f84493 wp-block-columns-is-layout-flex\">\r\n<div class=\"wp-block-column is-layout-flow wp-block-column-is-layout-flow\">\r\n<figure class=\"wp-block-image size-full\"><img decoding=\"async\" src=\"https:\/\/starsforeurope.com\/cz\/wp-content\/uploads\/sites\/20\/2022\/09\/2019_poinsettia_02000_christmas_wonderland_01.jpg\" alt=\"\" \/><\/figure>\r\n<\/div>\r\n<\/div>\r\n\r\n\r\n\r\n<div class=\"wp-block-columns is-layout-flex wp-container-core-columns-is-layout-28f84493 wp-block-columns-is-layout-flex\">\r\n<div class=\"wp-block-column is-layout-flow wp-block-column-is-layout-flow\">\r\n<p><strong>Tip:<\/strong> Nejv\u011bt\u0161\u00ed dojem vzbud\u00ed v\u00fdzdoba &#8222;t\u00f3n v t\u00f3nu&#8220;! Poinsettie kr\u00e1sn\u011b ozdob\u00ed st\u016fl v podob\u011b \u0159ezan\u00fdch kv\u011btin ve zkumavk\u00e1ch na tal\u00ed\u0159\u00edch i v podob\u011b rostlin v kv\u011btin\u00e1\u010d\u00edch. Zkumavky zasazen\u00e9 do l\u00e1tkov\u00fdch ubrousk\u016f slou\u017e\u00ed jako v\u00e1zi\u010dky na \u0159ezan\u00e9 poinsettie. <br \/><br \/>K jemn\u00fdm odst\u00edn\u016fm meru\u0148kov\u00fdch a lososov\u00fdch poinsetti\u00ed se kr\u00e1sn\u011b hod\u00ed jasn\u011b fialov\u00e9 &#8211; dos\u00e1hnete elegantn\u00edho vzhledu, jemu\u017e se nem\u016f\u017ee rovnat \u017e\u00e1dn\u00e1 jin\u00e1 barevn\u00e1 kombinace.<\/p>\r\n<\/div>\r\n<\/div>\r\n\r\n\r\n\r\n<div class=\"wp-block-columns is-layout-flex wp-container-core-columns-is-layout-28f84493 wp-block-columns-is-layout-flex\">\r\n<div class=\"wp-block-column is-layout-flow wp-block-column-is-layout-flow\">\r\n<figure class=\"wp-block-image size-full\"><img decoding=\"async\" src=\"https:\/\/starsforeurope.com\/cz\/wp-content\/uploads\/sites\/20\/2022\/09\/2019_poinsettia_02000_christmas_wonderland_06.jpg\" alt=\"\" \/><\/figure>\r\n<\/div>\r\n\r\n\r\n\r\n<div class=\"wp-block-column is-layout-flow wp-block-column-is-layout-flow\">\r\n<figure class=\"wp-block-image size-full\"><img decoding=\"async\" src=\"https:\/\/starsforeurope.com\/cz\/wp-content\/uploads\/sites\/20\/2022\/09\/2019_poinsettia_02000_christmas_wonderland_04.jpg\" alt=\"\" \/><\/figure>\r\n<\/div>\r\n<\/div>\r\n<\/div>\r\n<\/div>\r\n\r\n\r\n\r\n<div class=\"wp-block-columns is-layout-flex wp-container-core-columns-is-layout-28f84493 wp-block-columns-is-layout-flex\">\r\n<div class=\"wp-block-column is-layout-flow wp-block-column-is-layout-flow\">\r\n<div class=\"wp-block-columns is-layout-flex wp-container-core-columns-is-layout-28f84493 wp-block-columns-is-layout-flex\">\r\n<div class=\"wp-block-column is-layout-flow wp-block-column-is-layout-flow\">\r\n<h2 class=\"wp-block-heading\">\u00datuln\u00fd pocit domova<\/h2>\r\n\r\n\r\n\r\n<p>Spr\u00e1vn\u00e1 kombinace materi\u00e1l\u016f a barev je alfou a omegou pro vytvo\u0159en\u00ed \u00fatuln\u00e9ho prost\u0159ed\u00ed, ve kter\u00e9m se bude ka\u017ed\u00fd c\u00edtit jako doma. D\u0159evo a glazovan\u00e1 keramika, vyle\u0161t\u011bn\u00e9 zlat\u00e9 p\u0159\u00edbory, borov\u00e9 \u0161i\u0161ky a v\u011btvi\u010dky vytvo\u0159\u00ed jedine\u010dn\u00e9 aran\u017em\u00e1 pro poinsettie r\u016fzn\u00fdch odst\u00edn\u016f smetanov\u00e9 a b\u00edl\u00e9.<\/p>\r\n<\/div>\r\n<\/div>\r\n\r\n\r\n\r\n<div class=\"wp-block-columns is-layout-flex wp-container-core-columns-is-layout-28f84493 wp-block-columns-is-layout-flex\">\r\n<div class=\"wp-block-column is-layout-flow wp-block-column-is-layout-flow\">\r\n<figure class=\"wp-block-image size-full\"><img decoding=\"async\" src=\"https:\/\/starsforeurope.com\/cz\/wp-content\/uploads\/sites\/20\/2022\/09\/2019_poinsettia_03000_Colourful_Christmas_at_Home_47.jpg\" alt=\"\" \/><\/figure>\r\n<\/div>\r\n<\/div>\r\n\r\n\r\n\r\n<div class=\"wp-block-columns is-layout-flex wp-container-core-columns-is-layout-28f84493 wp-block-columns-is-layout-flex\">\r\n<div class=\"wp-block-column is-layout-flow wp-block-column-is-layout-flow\">\r\n<p><strong>Zvl\u00e1\u0161tn\u00ed detail:<\/strong> Miniaturn\u00ed poinsettie u ka\u017ed\u00e9ho m\u00edsta u stolu.<\/p>\r\n<\/div>\r\n<\/div>\r\n<\/div>\r\n<\/div>\r\n\r\n<p>&nbsp;<\/p>","protected":false},"excerpt":{"rendered":"<p>Spole\u010dn\u011b str\u00e1ven\u00e9 chv\u00edle u dobr\u00e9ho j\u00eddla pat\u0159\u00ed neodmysliteln\u011b ke sv\u00e1te\u010dn\u00edmu obdob\u00ed. V\u00fdzdobou stolu poinsettiemi lze vytvo\u0159it origin\u00e1ln\u00ed aran\u017em\u00e1. P\u0159edstavujeme n\u00e1pady na v\u00fdzdobu pro ka\u017edou p\u0159\u00edle\u017eitost.<\/p>\n","protected":false},"featured_media":5330,"template":"two-column-press","press_cat":[60,30],"press_main":[125,132,130,53],"class_list":["post-5632","press","type-press","status-publish","has-post-thumbnail","hentry","press_cat-table-decoration","press_cat-diy","press_main-dekorace","press_main-dekorace-na-stul","press_main-diy-upcyklace","press_main-pressemitteilungen"],"acf":[],"_links":{"self":[{"href":"https:\/\/starsforeurope.com\/cz\/wp-json\/wp\/v2\/press\/5632","targetHints":{"allow":["GET"]}}],"collection":[{"href":"https:\/\/starsforeurope.com\/cz\/wp-json\/wp\/v2\/press"}],"about":[{"href":"https:\/\/starsforeurope.com\/cz\/wp-json\/wp\/v2\/types\/press"}],"version-history":[{"count":27,"href":"https:\/\/starsforeurope.com\/cz\/wp-json\/wp\/v2\/press\/5632\/revisions"}],"predecessor-version":[{"id":7517,"href":"https:\/\/starsforeurope.com\/cz\/wp-json\/wp\/v2\/press\/5632\/revisions\/7517"}],"wp:featuredmedia":[{"embeddable":true,"href":"https:\/\/starsforeurope.com\/cz\/wp-json\/wp\/v2\/media\/5330"}],"wp:attachment":[{"href":"https:\/\/starsforeurope.com\/cz\/wp-json\/wp\/v2\/media?parent=5632"}],"wp:term":[{"taxonomy":"press_cat","embeddable":true,"href":"https:\/\/starsforeurope.com\/cz\/wp-json\/wp\/v2\/press_cat?post=5632"},{"taxonomy":"press_main","embeddable":true,"href":"https:\/\/starsforeurope.com\/cz\/wp-json\/wp\/v2\/press_main?post=5632"}],"curies":[{"name":"wp","href":"https:\/\/api.w.org\/{rel}","templated":true}]}}