{"id":5621,"date":"2020-08-14T10:11:32","date_gmt":"2020-08-14T08:11:32","guid":{"rendered":"https:\/\/weihnachtsstern.kinsta.cloud\/cz\/?post_type=press&#038;p=5621"},"modified":"2025-09-10T10:00:50","modified_gmt":"2025-09-10T08:00:50","slug":"hvezdne-dekorace-v-prirodnim-stylu-poinsettie-zazari-v-kazdem-prirodnim-aranzma","status":"publish","type":"press","link":"https:\/\/starsforeurope.com\/cz\/press\/hvezdne-dekorace-v-prirodnim-stylu-poinsettie-zazari-v-kazdem-prirodnim-aranzma\/","title":{"rendered":"Hv\u011bzdn\u00e9 dekorace v p\u0159\u00edrodn\u00edm stylu. Poinsettie zaz\u00e1\u0159\u00ed v ka\u017ed\u00e9m p\u0159\u00edrodn\u00edm aran\u017em\u00e1."},"content":{"rendered":"<div class=\"wp-block-columns is-layout-flex wp-container-core-columns-is-layout-28f84493 wp-block-columns-is-layout-flex\">\r\n<div class=\"wp-block-column is-layout-flow wp-block-column-is-layout-flow\">\r\n<p>N\u00e1vrat k p\u0159\u00edrod\u011b je trendy. Rostliny a p\u0159\u00edrodn\u00ed materi\u00e1ly se d\u00edky \u00fatuln\u00e9 a p\u0159\u00edjemn\u00e9 atmosf\u00e9\u0159e, kterou dok\u00e1\u017e\u00ed vytvo\u0159it, staly ned\u00edlnou sou\u010d\u00e1st\u00ed interi\u00e9r\u016f. V obdob\u00ed podzimu a zimy, kdy\u017e p\u0159ich\u00e1z\u00ed sez\u00f3na v\u00e1no\u010dn\u00edch hv\u011bzd, se p\u0159\u00edmo nab\u00edz\u00ed jejich vyu\u017eit\u00ed jako p\u0159\u00edrodn\u00edch dekorac\u00ed interi\u00e9ru. Jejich barevn\u00e9 listy rozz\u00e1\u0159\u00ed ka\u017edou m\u00edstnost. Experti ze Stars for Europe p\u0159ipravili origin\u00e1ln\u00ed n\u00e1pady a tipy na takov\u00e9 dekorace.<\/p>\r\n<\/div>\r\n<\/div>\r\n\r\n\r\n\r\n<div class=\"wp-block-columns is-layout-flex wp-container-core-columns-is-layout-28f84493 wp-block-columns-is-layout-flex\">\r\n<div class=\"wp-block-column is-layout-flow wp-block-column-is-layout-flow\">\r\n<div class=\"wp-block-columns is-layout-flex wp-container-core-columns-is-layout-28f84493 wp-block-columns-is-layout-flex\">\r\n<div class=\"wp-block-column is-layout-flow wp-block-column-is-layout-flow\">\r\n<h2 class=\"wp-block-heading\">V zelen\u00e9m kr\u00e1lovstv\u00ed<\/h2>\r\n\r\n\r\n\r\n<p>Na chvilku se posa\u010fte a relaxujte. Ob\u00fdvac\u00ed pokoj se pomalu obl\u00e9k\u00e1 do zelen\u00e9. Rostliny a p\u0159\u00edrodn\u00ed materi\u00e1ly v n\u011bm dost\u00e1vaj\u00ed hlavn\u00ed roli. I v zimn\u00edm lese m\u016f\u017eete nasb\u00edrat nep\u0159ebern\u00e9 mno\u017estv\u00ed v\u011btvi\u010dek, \u0161i\u0161ek a dal\u0161\u00edch p\u0159\u00edrodnin, kter\u00e9 se budou ke sv\u00e1te\u010dn\u00edm dekorac\u00edm skv\u011ble hodit. <br \/><br \/>Rustik\u00e1ln\u00ed d\u0159ev\u011bn\u00fd st\u016fl, hol\u00e9 zdi v jemn\u00fdch barv\u00e1ch a prost\u00e1 jedli\u010dka jsou z\u00e1kladem t\u00e9to sv\u00e1te\u010dn\u00ed v\u00fdzdoby. Barevnost a slavnostn\u00ed vzhled dod\u00e1vaj\u00ed barevn\u00e9 v\u00e1no\u010dn\u00ed hv\u011bzdy a dopl\u0148ky v \u010derven\u00e9, zlat\u00e9 a st\u0159\u00edbrn\u00e9 barv\u011b.<\/p>\r\n<\/div>\r\n<\/div>\r\n\r\n\r\n\r\n<div class=\"wp-block-columns is-layout-flex wp-container-core-columns-is-layout-28f84493 wp-block-columns-is-layout-flex\">\r\n<div class=\"wp-block-column is-layout-flow wp-block-column-is-layout-flow\">\r\n<figure class=\"wp-block-image size-full\"><img decoding=\"async\" src=\"https:\/\/starsforeurope.com\/cz\/wp-content\/uploads\/sites\/20\/2022\/09\/2020_poinsettia_01000_Christmas_Green_Spirit_14.jpg\" alt=\"\" \/><\/figure>\r\n<\/div>\r\n\r\n\r\n\r\n<div class=\"wp-block-column is-layout-flow wp-block-column-is-layout-flow\">\r\n<figure class=\"wp-block-image size-full\"><img decoding=\"async\" src=\"https:\/\/starsforeurope.com\/cz\/wp-content\/uploads\/sites\/20\/2022\/09\/2020_poinsettia_01000_Christmas_Green_Spirit_19.jpg\" alt=\"\" \/><\/figure>\r\n<\/div>\r\n<\/div>\r\n\r\n\r\n\r\n<div class=\"wp-block-columns is-layout-flex wp-container-core-columns-is-layout-28f84493 wp-block-columns-is-layout-flex\">\r\n<div class=\"wp-block-column is-layout-flow wp-block-column-is-layout-flow\">\r\n<p>P\u0159\u00edrodn\u00ed a vintage styl spolu dob\u0159e lad\u00ed. Jemn\u00e9 zelen\u00e9 t\u00f3ny samy o sob\u011b vytv\u00e1\u0159ej\u00ed klidnou uvol\u0148uj\u00edc\u00ed atmosf\u00e9ru. Kr\u00e9mov\u00e9 poinsettie zelen\u00e9 zimn\u00ed z\u00e1ti\u0161\u00ed kr\u00e1sn\u011b dopl\u0148uj\u00ed. <br \/><br \/>Kr\u00e9mov\u011b zbarven\u00e9 v\u00e1no\u010dn\u00ed hv\u011bzdy rozsv\u00edt\u00ed jednoduch\u00fd v\u011bnec z jedlov\u00fdch v\u011btv\u00ed ozdoben\u00fd \u0161i\u0161kami. <br \/>Zaj\u00edmav\u00e9ho efektu m\u016f\u017eete dos\u00e1hnout um\u00edst\u011bn\u00edm mal\u00e9 jedle p\u0159ed tapetu s motivem lesa. Jako byste si les p\u0159enesli dom\u016f. V\u00e1no\u010dn\u00ed atmosf\u00e9ru dotvo\u0159\u00ed poinsettie v ratanov\u00fdch ko\u0161\u00edc\u00edch, \u0161i\u0161ky i leskl\u00e9 ozdoby a samoz\u0159ejm\u011b zabalen\u00e9 d\u00e1rky.<\/p>\r\n<\/div>\r\n<\/div>\r\n<\/div>\r\n<\/div>\r\n\r\n\r\n\r\n<div class=\"wp-block-columns is-layout-flex wp-container-core-columns-is-layout-28f84493 wp-block-columns-is-layout-flex\">\r\n<div class=\"wp-block-column is-layout-flow wp-block-column-is-layout-flow\">\r\n<div class=\"wp-block-columns is-layout-flex wp-container-core-columns-is-layout-28f84493 wp-block-columns-is-layout-flex\">\r\n<div class=\"wp-block-column is-layout-flow wp-block-column-is-layout-flow\">\r\n<h2 class=\"wp-block-heading\">Teplo sv\u00e1te\u010dn\u00edho domova<\/h2>\r\n\r\n\r\n\r\n<p>V\u00e1noce si \u017e\u00e1daj\u00ed slavnostn\u00ed atmosf\u00e9ru a skute\u010dn\u00e9 teplo domova. To v\u00e1m pom\u016f\u017ee vytvo\u0159it kombinace tepl\u00fdch a zemit\u00fdch t\u00f3n\u016f. Zkuste um\u00edstit kr\u00e9mov\u00e9 poinsettie do ko\u0161\u00edku z v\u011btvi\u010dek spolu se su\u0161en\u00fdmi kv\u011bty. Zcela p\u0159\u00edrodn\u00ed dekorace se bude hodit do ka\u017ed\u00e9ho interi\u00e9ru.<\/p>\r\n<\/div>\r\n<\/div>\r\n\r\n\r\n\r\n<div class=\"wp-block-columns is-layout-flex wp-container-core-columns-is-layout-28f84493 wp-block-columns-is-layout-flex\">\r\n<div class=\"wp-block-column is-layout-flow wp-block-column-is-layout-flow\">\r\n<figure class=\"wp-block-image size-full\"><img decoding=\"async\" src=\"https:\/\/starsforeurope.com\/cz\/wp-content\/uploads\/sites\/20\/2022\/09\/2020_poinsettia_01000_Christmas_Green_Spirit_24.jpg\" alt=\"\" \/><\/figure>\r\n<\/div>\r\n\r\n\r\n\r\n<div class=\"wp-block-column is-layout-flow wp-block-column-is-layout-flow\">\r\n<figure class=\"wp-block-image size-full\"><img decoding=\"async\" src=\"https:\/\/starsforeurope.com\/cz\/wp-content\/uploads\/sites\/20\/2022\/09\/2020_poinsettia_01000_Christmas_Green_Spirit_05-1.jpg\" alt=\"\" \/><\/figure>\r\n<\/div>\r\n<\/div>\r\n\r\n\r\n\r\n<div class=\"wp-block-columns is-layout-flex wp-container-core-columns-is-layout-28f84493 wp-block-columns-is-layout-flex\">\r\n<div class=\"wp-block-column is-layout-flow wp-block-column-is-layout-flow\">\r\n<p>Jednoduchou vkusnou dekoraci m\u016f\u017eete p\u0159ipravit s pomoc\u00ed kr\u00e9mov\u00e9 poinsettie v hezk\u00e9m \u0161ed\u00e9m obalu spolu s v\u011bncem ze su\u0161en\u00fdch kv\u011btin a sv\u00edcny um\u00edst\u011bn\u00fdmi na rustik\u00e1ln\u00edch d\u0159ev\u011bn\u00fdch sch\u016fdc\u00edch. P\u0159\u00edrodn\u00ed barvy i materi\u00e1ly vyza\u0159uj\u00ed klid. <br \/><br \/>Su\u0161en\u00e9 rostliny jsou trendy, stejn\u011b jako tapety s kv\u011btinov\u00fdmi <br \/>motivy. Nesm\u00edme ale zapom\u00ednat ani na \u017eiv\u00e9 rostliny. Kr\u00e9mov\u00e1 poinsettie rozz\u00e1\u0159\u00ed a zatepl\u00ed v zimn\u00edch m\u011bs\u00edc\u00edch pokoj za\u0159\u00edzen\u00fd v jak\u00e9mkoli stylu. <br \/><br \/><strong>Shabby-chic:<\/strong> Poinsettie v z\u00e1\u0159iv\u00fdch barv\u00e1ch rozsv\u00edt\u00ed zimn\u00ed okna a p\u0159irozen\u011b vytvo\u0159\u00ed v\u00e1no\u010dn\u00ed atmosf\u00e9ru. Zkuste do okna zav\u011bsit rud\u00e9 v\u00e1no\u010dn\u00ed hv\u011bzdy v jednoduch\u00fdch cihlov\u00fdch kv\u011btin\u00e1\u010d\u00edch na d\u0159ev\u011bn\u00e9m podnose s p\u00e1r \u0161i\u0161kami a v\u011btvi\u010dkami. \u00dasp\u011bch je zaru\u010den\u00fd.<\/p>\r\n<\/div>\r\n<\/div>\r\n\r\n\r\n\r\n<div class=\"wp-block-columns is-layout-flex wp-container-core-columns-is-layout-28f84493 wp-block-columns-is-layout-flex\">\r\n<div class=\"wp-block-column is-layout-flow wp-block-column-is-layout-flow\">\r\n<figure class=\"wp-block-image size-full\"><img decoding=\"async\" src=\"https:\/\/starsforeurope.com\/cz\/wp-content\/uploads\/sites\/20\/2022\/09\/2020_poinsettia_02000_Natural_Christmas_Warmth_05.jpg\" alt=\"\" \/><\/figure>\r\n<\/div>\r\n\r\n\r\n\r\n<div class=\"wp-block-column is-layout-flow wp-block-column-is-layout-flow\">\r\n<figure class=\"wp-block-image size-full\"><img decoding=\"async\" src=\"https:\/\/starsforeurope.com\/cz\/wp-content\/uploads\/sites\/20\/2022\/09\/2020_poinsettia_02000_Natural_Christmas_Warmth_11.jpg\" alt=\"\" \/><\/figure>\r\n<\/div>\r\n<\/div>\r\n<\/div>\r\n<\/div>\r\n\r\n\r\n\r\n<div class=\"wp-block-columns is-layout-flex wp-container-core-columns-is-layout-28f84493 wp-block-columns-is-layout-flex\">\r\n<div class=\"wp-block-column is-layout-flow wp-block-column-is-layout-flow\">\r\n<div class=\"wp-block-columns is-layout-flex wp-container-core-columns-is-layout-28f84493 wp-block-columns-is-layout-flex\">\r\n<div class=\"wp-block-column is-layout-flow wp-block-column-is-layout-flow\">\r\n<h2 class=\"wp-block-heading\">V\u00e1noce v r\u016f\u017eov\u00e9<\/h2>\r\n\r\n\r\n\r\n<p>Jemn\u00e9 r\u016f\u017eov\u00e9 t\u00f3ny fr\u010d\u00ed v m\u00f3d\u011b, kosmetice i interi\u00e9rov\u00e9m designu. <br \/><br \/>V\u00e1no\u010dn\u00ed hv\u011bzdy v odst\u00ednech meru\u0148kov\u00e9, r\u016f\u017eov\u00e9 \u010di lososov\u00e9 mohou zdobit va\u0161e domovy u\u017e od brzk\u00e9ho podzimu a budou se hodit do ka\u017ed\u00e9ho interi\u00e9ru v tlumen\u00fdch barv\u00e1ch. <br \/><br \/>V\u00fdraznou nep\u0159ehl\u00e9dnutelnou dekoraci vytvo\u0159\u00edte z velk\u00e9ho st\u0159\u00edbrn\u00e9ho vintage t\u00e1cu a syt\u00fdch r\u016f\u017eov\u00fdch poinsetti\u00ed.<\/p>\r\n<\/div>\r\n<\/div>\r\n\r\n\r\n\r\n<div class=\"wp-block-columns is-layout-flex wp-container-core-columns-is-layout-28f84493 wp-block-columns-is-layout-flex\">\r\n<div class=\"wp-block-column is-layout-flow wp-block-column-is-layout-flow\">\r\n<figure class=\"wp-block-image size-full\"><img decoding=\"async\" src=\"https:\/\/starsforeurope.com\/cz\/wp-content\/uploads\/sites\/20\/2022\/09\/2020_poinsettia_03000_Christmas_Blush_05a.jpg\" alt=\"\" \/><\/figure>\r\n<\/div>\r\n\r\n\r\n\r\n<div class=\"wp-block-column is-layout-flow wp-block-column-is-layout-flow\">\r\n<figure class=\"wp-block-image size-full\"><img decoding=\"async\" src=\"https:\/\/starsforeurope.com\/cz\/wp-content\/uploads\/sites\/20\/2022\/09\/2020_poinsettia_03000_Christmas_Blush_11-1.jpg\" alt=\"\" \/><\/figure>\r\n<\/div>\r\n<\/div>\r\n\r\n\r\n\r\n<div class=\"wp-block-columns is-layout-flex wp-container-core-columns-is-layout-28f84493 wp-block-columns-is-layout-flex\">\r\n<div class=\"wp-block-column is-layout-flow wp-block-column-is-layout-flow\">\r\n<p>Na jejich mno\u017estv\u00ed ne\u0161et\u0159ete. P\u0159it\u00e1hnou pozornost ka\u017ed\u00e9ho, kdo vstoup\u00ed do m\u00edstnosti. <br \/><br \/>R\u016f\u017eov\u00e9 v\u00e1no\u010dn\u00ed hv\u011bzdy a dal\u0161\u00ed \u017eiv\u00e9 rostliny dodaj\u00ed v\u00e1no\u010dn\u00edmu domovu n\u00e1dech romantiky. Nechte nas\u00e1knout aran\u017eovac\u00ed hmotu vodou, dejte ji do vybran\u00e9 m\u00edsy nebo na hezk\u00fd t\u00e1c a naaran\u017eujte do n\u00ed sv\u00ed\u010dky, \u0159ezan\u00e9 poinsettie, r\u016f\u017ee, hortenzie a v\u011btvi\u010dky s bobulemi. <br \/><br \/>\u010caj o V\u00e1noc\u00edch: meru\u0148kov\u011b zbarven\u00e9 poinsettie budou vypadat kr\u00e1sn\u011b s bambusov\u00fdmi, ratanov\u00fdmi a prout\u011bn\u00fdmi dopl\u0148ky. Snadno tak vytvo\u0159\u00edte p\u0159\u00edjemnou v\u00e1no\u010dn\u00ed atmosf\u00e9ru.<\/p>\r\n<\/div>\r\n<\/div>\r\n<\/div>\r\n<\/div>\r\n\r\n\r\n\r\n<div class=\"wp-block-columns is-layout-flex wp-container-core-columns-is-layout-28f84493 wp-block-columns-is-layout-flex\">\r\n<div class=\"wp-block-column is-layout-flow wp-block-column-is-layout-flow\">\r\n<div class=\"wp-block-columns is-layout-flex wp-container-core-columns-is-layout-28f84493 wp-block-columns-is-layout-flex\">\r\n<div class=\"wp-block-column is-layout-flow wp-block-column-is-layout-flow\">\r\n<h2 class=\"wp-block-heading\">Domov ve venkovsk\u00e9m stylu<\/h2>\r\n\r\n\r\n\r\n<p>V\u00e1noce na venkov\u011b maj\u00ed zvl\u00e1\u0161tn\u00ed kouzlo. Vykouzl\u00ed ho d\u0159ev\u011bn\u00fd n\u00e1bytek, kr\u00e1sn\u011b nazdoben\u00fd strome\u010dek, v\u00e1no\u010dn\u00ed sv\u011btla a \u010derven\u00e9 v\u00e1no\u010dn\u00ed hv\u011bzdy. Z tepla domova se v\u00e1m nebude cht\u00edt odej\u00edt. <br \/><br \/>Vyu\u017e\u00edt m\u016f\u017eete i starou za\u0161lou d\u0159ev\u011bnou krabi\u010dku a naplnit ji o\u0159echy, jablky, mandarinkami a kv\u011bty poinsetti\u00ed.<\/p>\r\n<\/div>\r\n<\/div>\r\n\r\n\r\n\r\n<div class=\"wp-block-columns is-layout-flex wp-container-core-columns-is-layout-28f84493 wp-block-columns-is-layout-flex\">\r\n<div class=\"wp-block-column is-layout-flow wp-block-column-is-layout-flow\">\r\n<figure class=\"wp-block-image size-full\"><img decoding=\"async\" src=\"https:\/\/starsforeurope.com\/cz\/wp-content\/uploads\/sites\/20\/2022\/09\/2020_poinsettia_04000_Country_Christmas_Charm_02.jpg\" alt=\"\" \/><\/figure>\r\n<\/div>\r\n\r\n\r\n\r\n<div class=\"wp-block-column is-layout-flow wp-block-column-is-layout-flow\">\r\n<figure class=\"wp-block-image size-full\"><img decoding=\"async\" src=\"https:\/\/starsforeurope.com\/cz\/wp-content\/uploads\/sites\/20\/2022\/09\/2020_poinsettia_04000_Country_Christmas_Charm_04.jpg\" alt=\"\" \/><\/figure>\r\n<\/div>\r\n<\/div>\r\n\r\n\r\n\r\n<div class=\"wp-block-columns is-layout-flex wp-container-core-columns-is-layout-28f84493 wp-block-columns-is-layout-flex\">\r\n<div class=\"wp-block-column is-layout-flow wp-block-column-is-layout-flow\">\r\n<h2 class=\"wp-block-heading\">\u010cerven\u00e9 poinsettie rozz\u00e1\u0159\u00ed i kuchyni.<\/h2>\r\n\r\n\r\n\r\n<p>Sv\u00e1te\u010dn\u00ed \u0161mrnc j\u00ed dodaj\u00ed poinsettie v\u0161ech velikost\u00ed. <br \/><br \/>V\u00e1no\u010dn\u00ed hv\u011bzdy maj\u00ed v\u00fdjime\u010dn\u00e9 postaven\u00ed i mezi \u0159ezan\u00fdmi kv\u011btinami. Dlouho vydr\u017e\u00ed a nab\u00edz\u00ed nespo\u010det barevn\u00fdch kombinac\u00ed. Budou vypadat kr\u00e1sn\u011b ve vysok\u00e9 v\u00e1ze s travinami a su\u0161en\u00fdmi rostlinami. <br \/><br \/>Ihned po se\u0159\u00edznut\u00ed namo\u010dte stonek poinsettie kr\u00e1tce do hork\u00e9 vody okolo 60\u00b0C a pak kr\u00e1tce do studen\u00e9. Takto o\u0161et\u0159en\u00e9 poinsettie dejte do ban\u011bk s vodou, aby dlouho vydr\u017eely. <br \/><br \/>Vintage venkovsk\u00fd styl: pracovn\u00ed kout m\u016f\u017eete nazdobit p\u0159\u00edrodn\u00edmi rustik\u00e1ln\u00edmi kousky a pe\u010dliv\u011b vybran\u00fdmi dopl\u0148ky. Doprost\u0159ed um\u00edst\u011bte kr\u00e1snou r\u016f\u017eovou v\u00e1no\u010dn\u00ed hv\u011bzdu. <br \/><br \/>Vintage styl: barevn\u00e9 l\u00edstky poinsettie probleskuj\u00ed za staro\u017eitn\u00fdm ter\u00e1riem. Vyu\u017eijte p\u0159\u00edrodn\u00ed materi\u00e1ly, zelen\u00e9 i such\u00e9 v\u011btvi\u010dky a \u0161i\u0161ky jako dekoraci. <br \/><br \/>Venkovsk\u00fd domov ve vintage-chic stylu: ko\u0161\u00edk s n\u00e1dhern\u00fdmi rud\u00fdmi poinsettiemi a v\u00e1za se such\u00fdmi travinami jsou um\u00edst\u011bny na staro\u017eitn\u00e9m mandlu.<\/p>\r\n<\/div>\r\n<\/div>\r\n<\/div>\r\n<\/div>\r\n\r\n<p>&nbsp;<\/p>","protected":false},"excerpt":{"rendered":"<p>P\u0159\u00edroda je v kurzu. Poinsetie obzvl\u00e1\u0161t\u011b vynikaj\u00ed v interi\u00e9rov\u00e9m designu lad\u011bn\u00e9m do p\u0159\u00edrodn\u00edho stylu, kam pat\u0159\u00ed zelen\u00fd, v\u00e1no\u010dn\u00ed \u010di venkovsk\u00fd styl . P\u0159esv\u011bd\u010dte se sami.<\/p>\n","protected":false},"featured_media":5316,"template":"two-column-press","press_cat":[111],"press_main":[126,125,132,129,53],"class_list":["post-5621","press","type-press","status-publish","has-post-thumbnail","hentry","press_cat-decoration-tips","press_main-adventni-dekorace","press_main-dekorace","press_main-dekorace-na-stul","press_main-rezane-kvetiny","press_main-pressemitteilungen"],"acf":[],"_links":{"self":[{"href":"https:\/\/starsforeurope.com\/cz\/wp-json\/wp\/v2\/press\/5621","targetHints":{"allow":["GET"]}}],"collection":[{"href":"https:\/\/starsforeurope.com\/cz\/wp-json\/wp\/v2\/press"}],"about":[{"href":"https:\/\/starsforeurope.com\/cz\/wp-json\/wp\/v2\/types\/press"}],"version-history":[{"count":17,"href":"https:\/\/starsforeurope.com\/cz\/wp-json\/wp\/v2\/press\/5621\/revisions"}],"predecessor-version":[{"id":7516,"href":"https:\/\/starsforeurope.com\/cz\/wp-json\/wp\/v2\/press\/5621\/revisions\/7516"}],"wp:featuredmedia":[{"embeddable":true,"href":"https:\/\/starsforeurope.com\/cz\/wp-json\/wp\/v2\/media\/5316"}],"wp:attachment":[{"href":"https:\/\/starsforeurope.com\/cz\/wp-json\/wp\/v2\/media?parent=5621"}],"wp:term":[{"taxonomy":"press_cat","embeddable":true,"href":"https:\/\/starsforeurope.com\/cz\/wp-json\/wp\/v2\/press_cat?post=5621"},{"taxonomy":"press_main","embeddable":true,"href":"https:\/\/starsforeurope.com\/cz\/wp-json\/wp\/v2\/press_main?post=5621"}],"curies":[{"name":"wp","href":"https:\/\/api.w.org\/{rel}","templated":true}]}}