{"id":5564,"date":"2020-12-01T12:53:32","date_gmt":"2020-12-01T11:53:32","guid":{"rendered":"https:\/\/weihnachtsstern.kinsta.cloud\/cz\/?post_type=press&#038;p=5564"},"modified":"2025-09-10T09:55:34","modified_gmt":"2025-09-10T07:55:34","slug":"vyrobte-si-adventni-kalendar-s-vanocnimi-hvezdami-vanoce-jsou-kazdy-den-o-kousek-bliz","status":"publish","type":"press","link":"https:\/\/starsforeurope.com\/cz\/press\/vyrobte-si-adventni-kalendar-s-vanocnimi-hvezdami-vanoce-jsou-kazdy-den-o-kousek-bliz\/","title":{"rendered":"Vyrobte si adventn\u00ed kalend\u00e1\u0159 s v\u00e1no\u010dn\u00edmi hv\u011bzdami. V\u00e1noce jsou ka\u017ed\u00fd den o kousek bl\u00ed\u017e."},"content":{"rendered":"<div class=\"wp-block-columns is-layout-flex wp-container-core-columns-is-layout-28f84493 wp-block-columns-is-layout-flex\">\r\n<div class=\"wp-block-column is-layout-flow wp-block-column-is-layout-flow\">\r\n<p>Vlastnoru\u010dn\u011b vyroben\u00fd d\u00e1rek pot\u011b\u0161\u00ed kter\u00fdkoli den v roce, ale v obdob\u00ed V\u00e1noc mo\u017en\u00e1 je\u0161t\u011b o n\u011bco v\u00edc. Experti ze Stars for Europe v\u00e1m uk\u00e1\u017e\u00ed, jak vyrobit dva adventn\u00ed kalend\u00e1\u0159e s \u017eiv\u00fdmi kv\u011btinami. Doma to hrav\u011b zvl\u00e1dnete.<\/p>\r\n\r\n\r\n\r\n<h2 class=\"wp-block-heading\">Z\u00e1v\u011bsn\u00fd kalend\u00e1\u0159 v p\u0159\u00edrodn\u00edm vzhledu<\/h2>\r\n\r\n\r\n\r\n<p>Adventn\u00ed kalend\u00e1\u0159 v boho stylu ve tvaru jedli\u010dky s \u017eiv\u00fdmi kv\u011bty poinsetti\u00ed bude vypadat hezky na jak\u00e9koli st\u011bn\u011b. L\u00e1tkov\u00e9 pytl\u00edky <br \/>v odst\u00ednech modr\u00e9 barevn\u011b vyniknou mezi zemit\u00fdmi barvami <br \/>a modern\u00ed sv\u011btle r\u016f\u017eovou. <br \/><br \/><strong>Na v\u00fdrobu budete pot\u0159ebovat:<\/strong> 4 b\u0159ezov\u00e9 v\u011btve v r\u016fzn\u00fdch d\u00e9lk\u00e1ch, motouz v p\u0159\u00edrodn\u00ed barv\u011b, 24 l\u00e1tkov\u00fdch pytl\u00edk\u016f nebo l\u00e1tku na jejich u\u0161it\u00ed (na jeden pytl\u00edk budete pot\u0159ebovat 12&#215;38 cm l\u00e1tky, \u0161pendl\u00edky, nit a \u0161ic\u00ed stroj), poinsettie, zkumavky nebo mal\u00e9 sklen\u011bn\u00e9 v\u00e1zi\u010dky, pap\u00edr na \u0161t\u00edtky a n\u016f\u017eky.<\/p>\r\n\r\n\r\n\r\n<div class=\"wp-block-columns is-layout-flex wp-container-core-columns-is-layout-28f84493 wp-block-columns-is-layout-flex\">\r\n<div class=\"wp-block-column is-layout-flow wp-block-column-is-layout-flow\">\r\n<figure class=\"wp-block-image size-full\"><img decoding=\"async\" src=\"https:\/\/starsforeurope.com\/cz\/wp-content\/uploads\/sites\/20\/2022\/09\/2020_poinsettia_03130_DIY_wall_calend.jpg\" alt=\"\" \/><\/figure>\r\n<\/div>\r\n\r\n\r\n\r\n<div class=\"wp-block-column is-layout-flow wp-block-column-is-layout-flow\">\r\n<figure class=\"wp-block-image size-full\"><img decoding=\"async\" src=\"https:\/\/starsforeurope.com\/cz\/wp-content\/uploads\/sites\/20\/2022\/09\/2020_poinsettia_03130_DIY_wall_calender_02.jpg\" alt=\"\" \/><\/figure>\r\n<\/div>\r\n<\/div>\r\n\r\n\r\n\r\n<p><strong>Jak na to:<\/strong> Pomoc\u00ed motouzu sva\u017ete b\u0159ezov\u00e9 v\u011btve tak, aby byly ve stejn\u00e9 vzd\u00e1lenosti od sebe a tvo\u0159ily patra kalend\u00e1\u0159e. Prov\u00e1zek naho\u0159e ponechte dostate\u010dn\u011b dlouh\u00fd, abyste mohli hotov\u00fd kalend\u00e1\u0159 zav\u011bsit na ze\u010f. Napl\u0148te p\u0159ipraven\u00fdch 24 pytl\u00edk\u016f d\u00e1rky, p\u0159ipevn\u011bte na n\u011b \u0161t\u00edtky s \u010d\u00edsly, p\u0159eva\u017ete je motouzem nebo ma\u0161l\u00ed a zav\u011bste na jednotliv\u00e9 v\u011btve. Mezi pytl\u00edky s d\u00e1rky zav\u011bste i zkumavky \u010di v\u00e1zi\u010dky s vodou, do kter\u00fdch vlo\u017e\u00edte kv\u011bty poinsetti\u00ed (jakmile provedete \u0159ez, pono\u0159te se\u0159\u00edznutou \u010d\u00e1st stonku kr\u00e1tce do hork\u00e9 a n\u00e1sledn\u011b do studen\u00e9 vody).<\/p>\r\n<\/div>\r\n<\/div>\r\n\r\n\r\n\r\n<div class=\"wp-block-columns is-layout-flex wp-container-core-columns-is-layout-28f84493 wp-block-columns-is-layout-flex\">\r\n<div class=\"wp-block-column is-layout-flow wp-block-column-is-layout-flow\">\r\n<div class=\"wp-block-columns is-layout-flex wp-container-core-columns-is-layout-28f84493 wp-block-columns-is-layout-flex\">\r\n<div class=\"wp-block-column is-layout-flow wp-block-column-is-layout-flow\">\r\n<h2 class=\"wp-block-heading\">Ka\u017ed\u00fd den bl\u00ed\u017e V\u00e1noc\u016fm<\/h2>\r\n\r\n\r\n\r\n<p>Pokud budete m\u00edt \u0161t\u011bst\u00ed, objev\u00edte v obchod\u011b adventn\u00ed tabuli s 24 h\u00e1\u010dky <br \/>a p\u0159\u00edslu\u0161n\u00fdmi \u010d\u00edsly. M\u016f\u017eete si ji ale tak\u00e9 snadno a rychle vyrobit sami. Budete pot\u0159ebovat zabalen\u00e9 d\u00e1re\u010dky, v\u00e1no\u010dn\u00ed ozdoby, b\u0159ezov\u00e9 v\u011btvi\u010dky, mal\u00e9 v\u00e1zi\u010dky s \u0159ezan\u00fdmi kv\u011bty poinsetti\u00ed. <br \/><br \/><strong>Tip:<\/strong> Zakulacen\u00e9 h\u00e1\u010dky jako na obr\u00e1zku se objevuj\u00ed na ble\u0161\u00edch trz\u00edch, tak\u017ee m\u011bjte o\u010di otev\u0159en\u00e9.<\/p>\r\n<\/div>\r\n\r\n\r\n\r\n<div class=\"wp-block-column is-layout-flow wp-block-column-is-layout-flow\">\r\n<figure class=\"wp-block-image size-full\"><img decoding=\"async\" src=\"https:\/\/starsforeurope.com\/cz\/wp-content\/uploads\/sites\/20\/2022\/09\/2020_poinsettia_04000_Country_Christm.jpg\" alt=\"\" \/><\/figure>\r\n<\/div>\r\n<\/div>\r\n<\/div>\r\n<\/div>\r\n\r\n\r\n\r\n<div class=\"wp-block-columns is-layout-flex wp-container-core-columns-is-layout-28f84493 wp-block-columns-is-layout-flex\">\r\n<div class=\"wp-block-column is-layout-flow wp-block-column-is-layout-flow\">\r\n<div class=\"wp-block-columns is-layout-flex wp-container-core-columns-is-layout-28f84493 wp-block-columns-is-layout-flex\">\r\n<div class=\"wp-block-column is-layout-flow wp-block-column-is-layout-flow\">\r\n<h2 class=\"wp-block-heading\">Rada na\u0161ich florist\u016f<\/h2>\r\n\r\n\r\n\r\n<p>Pokud maj\u00ed \u0159ezan\u00e9 poinsettie dostatek vody, vydr\u017e\u00ed kr\u00e1sn\u00e9 a\u017e dva t\u00fddny. Ide\u00e1ln\u00ed je ihned po se\u0159\u00edznut\u00ed kv\u011bt\u016f pono\u0159it stonek na n\u011bkolik sekund do vody o teplot\u011b 60\u00b0 C a n\u00e1sledn\u011b jej zchladit v ledov\u00e9 vod\u011b.<\/p>\r\n<\/div>\r\n<\/div>\r\n<\/div>\r\n<\/div>\r\n\r\n<p>&nbsp;<\/p>","protected":false},"excerpt":{"rendered":"<p>Adventn\u00ed kalend\u00e1\u0159e typu \u201cud\u011blej si s\u00e1m (DIY)&#8220; jsou velmi obl\u00edben\u00e9. A s poinsettiemi jsou obzvl\u00e1\u0161t\u011b p\u016fsobiv\u00e9. P\u0159edstav\u00edme v\u00e1m dva n\u00e1pady na dekorativn\u00ed adventn\u00ed kalend\u00e1\u0159e s poinsettiemi.<\/p>\n","protected":false},"featured_media":5205,"template":"two-column-press","press_cat":[27,30],"press_main":[126,125,130,53],"class_list":["post-5564","press","type-press","status-publish","has-post-thumbnail","hentry","press_cat-advent-decoration","press_cat-diy","press_main-adventni-dekorace","press_main-dekorace","press_main-diy-upcyklace","press_main-pressemitteilungen"],"acf":[],"_links":{"self":[{"href":"https:\/\/starsforeurope.com\/cz\/wp-json\/wp\/v2\/press\/5564","targetHints":{"allow":["GET"]}}],"collection":[{"href":"https:\/\/starsforeurope.com\/cz\/wp-json\/wp\/v2\/press"}],"about":[{"href":"https:\/\/starsforeurope.com\/cz\/wp-json\/wp\/v2\/types\/press"}],"version-history":[{"count":13,"href":"https:\/\/starsforeurope.com\/cz\/wp-json\/wp\/v2\/press\/5564\/revisions"}],"predecessor-version":[{"id":7514,"href":"https:\/\/starsforeurope.com\/cz\/wp-json\/wp\/v2\/press\/5564\/revisions\/7514"}],"wp:featuredmedia":[{"embeddable":true,"href":"https:\/\/starsforeurope.com\/cz\/wp-json\/wp\/v2\/media\/5205"}],"wp:attachment":[{"href":"https:\/\/starsforeurope.com\/cz\/wp-json\/wp\/v2\/media?parent=5564"}],"wp:term":[{"taxonomy":"press_cat","embeddable":true,"href":"https:\/\/starsforeurope.com\/cz\/wp-json\/wp\/v2\/press_cat?post=5564"},{"taxonomy":"press_main","embeddable":true,"href":"https:\/\/starsforeurope.com\/cz\/wp-json\/wp\/v2\/press_main?post=5564"}],"curies":[{"name":"wp","href":"https:\/\/api.w.org\/{rel}","templated":true}]}}