{"id":5061,"date":"2023-10-30T01:10:36","date_gmt":"2023-10-30T00:10:36","guid":{"rendered":"https:\/\/weihnachtsstern.kinsta.cloud\/cz\/?post_type=press&#038;p=5061"},"modified":"2025-09-10T09:08:56","modified_gmt":"2025-09-10T07:08:56","slug":"pro-zarivy-interier-a-prijemnou-atmosferu-vanocni-hvezdy-prinaseji-barvy-do-sychravych-podzimnich-dnu","status":"publish","type":"press","link":"https:\/\/starsforeurope.com\/cz\/press\/pro-zarivy-interier-a-prijemnou-atmosferu-vanocni-hvezdy-prinaseji-barvy-do-sychravych-podzimnich-dnu\/","title":{"rendered":"Pro z\u00e1\u0159iv\u00fd interi\u00e9r a p\u0159\u00edjemnou atmosf\u00e9ru. V\u00e1no\u010dn\u00ed hv\u011bzdy p\u0159in\u00e1\u0161ej\u00ed barvy do sychrav\u00fdch podzimn\u00edch dn\u016f"},"content":{"rendered":"<div class=\"wp-block-columns is-layout-flex wp-container-core-columns-is-layout-28f84493 wp-block-columns-is-layout-flex\">\r\n<div class=\"wp-block-column is-layout-flow wp-block-column-is-layout-flow\">\r\n<p>V\u00e1no\u010dn\u00ed hv\u011bzdy jsou nep\u0159ekonateln\u00fdmi ozdobami interi\u00e9ru nejen o V\u00e1noc\u00edch, ale tyto kr\u00e1sn\u00e9 kv\u011btiny jsou velmi \u017e\u00e1dan\u00e9 tak\u00e9 jako podzimn\u00ed dekorace. Tepl\u00e9 barvy jejich list\u016f rozz\u00e1\u0159\u00ed ka\u017ed\u00fd prostor a b\u011bhem podzimn\u00edch dn\u016f dodaj\u00ed pocit pohody a pozitivity. V\u00fdhodou t\u011bchto v\u0161estrann\u00fdch rostlin je, \u017ee se bez probl\u00e9m\u016f hod\u00ed do jak\u00e9hokoli stylu interi\u00e9ru. Odborn\u00edci z\u00a0iniciativy Stars for Europe v\u00e1m p\u0159in\u00e1\u0161ej\u00ed tipy na podzimn\u00ed dekorace s vyu\u017eit\u00edm v\u00e1no\u010dn\u00edch hv\u011bzd, kter\u00e9 vnesou do va\u0161eho domova v t\u011bchto chladn\u00fdch dnech trochu tepla!<\/p>\r\n<\/div>\r\n<\/div>\r\n\r\n\r\n\r\n<div class=\"wp-block-columns is-layout-flex wp-container-core-columns-is-layout-28f84493 wp-block-columns-is-layout-flex\">\r\n<div class=\"wp-block-column is-layout-flow wp-block-column-is-layout-flow\">\r\n<h2 class=\"wp-block-heading\">Elegantn\u00ed venkovsk\u00fd styl v jemn\u00fdch pastelov\u00fdch barv\u00e1ch<\/h2>\r\n\r\n\r\n\r\n<p>V\u00e1no\u010dn\u00ed hv\u011bzdy v jemn\u00fdch pastelov\u00fdch a kr\u00e9mov\u00fdch odst\u00ednech se dokonale hod\u00ed do tohoto elegantn\u00edho venkovsk\u00e9ho interi\u00e9ru.\u00a0 Mini v\u00e1no\u010dn\u00ed hv\u011bzdy v r\u016f\u017eov\u00e9 a kr\u00e9mov\u00e9 barv\u011b vypadaj\u00ed v h\u00e1\u010dkovan\u00e9m ko\u0161\u00edku \u00fachvatn\u011b.<\/p>\r\n\r\n\r\n\r\n<div class=\"wp-block-columns is-layout-flex wp-container-core-columns-is-layout-28f84493 wp-block-columns-is-layout-flex\">\r\n<div class=\"wp-block-column is-layout-flow wp-block-column-is-layout-flow\">\r\n<figure class=\"wp-block-image size-full\"><img decoding=\"async\" src=\"https:\/\/starsforeurope.com\/cz\/wp-content\/uploads\/sites\/20\/2024\/01\/2023_poinsettia_02000_Cottagecore_Charm_31.jpg\" alt=\"\" \/><\/figure>\r\n<\/div>\r\n\r\n\r\n\r\n<div class=\"wp-block-column is-layout-flow wp-block-column-is-layout-flow\">\r\n<figure class=\"wp-block-image size-full\"><img decoding=\"async\" src=\"https:\/\/starsforeurope.com\/cz\/wp-content\/uploads\/sites\/20\/2024\/01\/2023_poinsettia_02000_Cottagecore_Charm_06.jpg\" alt=\"\" \/><\/figure>\r\n<\/div>\r\n<\/div>\r\n\r\n\r\n\r\n<p>Toto kr\u00e1sn\u00e9 duo v\u00e1no\u010dn\u00edch hv\u011bzd zaujme na prvn\u00ed pohled sv\u00fdmi dvoubarevn\u00fdmi listy v pastelov\u00fdch odst\u00ednech. V\u00e1no\u010dn\u00ed hv\u011bzda meru\u0148kov\u00e9 barvy tvo\u0159\u00ed dekorativn\u00ed z\u00e1ti\u0161\u00ed se staro\u017eitn\u00fdmi knihami a dal\u0161\u00edmi dopl\u0148ky. D\u016fle\u017eit\u00e9: Aby v\u00e1no\u010dn\u00ed hv\u011bzdy dob\u0159e prosp\u00edvaly, pot\u0159ebuj\u00ed sv\u011btl\u00e9, tepl\u00e9 m\u00edsto bez pr\u016fvanu. Pokud jsou rostliny na nevhodn\u00e9m m\u00edst\u011b, za\u010dnou jim opad\u00e1vat listy.<\/p>\r\n<\/div>\r\n<\/div>\r\n\r\n\r\n\r\n<div class=\"wp-block-columns is-layout-flex wp-container-core-columns-is-layout-28f84493 wp-block-columns-is-layout-flex\">\r\n<div class=\"wp-block-column is-layout-flow wp-block-column-is-layout-flow\">\r\n<p>V t\u00e9to neobvykl\u00e9 kytici z \u0159ezan\u00fdch v\u00e1no\u010dn\u00edch hv\u011bzd, borovicov\u00fdch v\u011btvi\u010dek, eukalyptu a r\u016fzn\u00fdch su\u0161en\u00fdch kv\u011btin kr\u00e1sn\u011b vyniknou jemn\u00e9 pastelov\u00e9 odst\u00edny. Jako \u0159ezan\u00e9 kv\u011btiny jsou v\u00e1no\u010dn\u00ed hv\u011bzdy p\u016fsobiv\u00e9 sv\u00fdmi obrovsk\u00fdmi, jasn\u011b zbarven\u00fdmi okv\u011btn\u00edmi l\u00edstky, tak\u017ee nepot\u0159ebujete \u017e\u00e1dn\u00e9 jin\u00e9 kv\u011btiny!<\/p>\r\n\r\n\r\n\r\n<div class=\"wp-block-columns is-layout-flex wp-container-core-columns-is-layout-28f84493 wp-block-columns-is-layout-flex\">\r\n<div class=\"wp-block-column is-layout-flow wp-block-column-is-layout-flow\">\r\n<figure class=\"wp-block-image size-full\"><img decoding=\"async\" src=\"https:\/\/starsforeurope.com\/cz\/wp-content\/uploads\/sites\/20\/2024\/01\/2023_poinsettia_02000_Cottagecore_Charm_15.jpg\" alt=\"\" \/><\/figure>\r\n<\/div>\r\n\r\n\r\n\r\n<div class=\"wp-block-column is-layout-flow wp-block-column-is-layout-flow\">\r\n<figure class=\"wp-block-image size-full\"><img decoding=\"async\" src=\"https:\/\/starsforeurope.com\/cz\/wp-content\/uploads\/sites\/20\/2024\/01\/2023_poinsettia_02000_Cottagecore_Charm_16.jpg\" alt=\"\" \/><\/figure>\r\n<\/div>\r\n<\/div>\r\n\r\n\r\n\r\n<p>Tip: Stonky v\u00e1no\u010dn\u00edch hv\u011bzd ihned po \u0159ezu pono\u0159te na n\u011bkolik sekund do hork\u00e9 vody (cca 60 \u00b0C) a pot\u00e9 do studen\u00e9 vody. Ve vod\u011b pak vydr\u017e\u00ed \u010derstv\u00e9 a\u017e dva t\u00fddny.<\/p>\r\n<\/div>\r\n<\/div>\r\n\r\n\r\n\r\n<div class=\"wp-block-columns is-layout-flex wp-container-core-columns-is-layout-28f84493 wp-block-columns-is-layout-flex\">\r\n<div class=\"wp-block-column is-layout-flow wp-block-column-is-layout-flow\">\r\n<h2 class=\"wp-block-heading\">V\u00e1no\u010dn\u00ed hv\u011bzdy v modern\u00edm ob\u00fdvac\u00edm pokoji<\/h2>\r\n\r\n\r\n\r\n<p>V\u00e1no\u010dn\u00ed hv\u011bzdy jsou skv\u011bl\u00e9 pokojov\u00e9 kv\u011btiny, kter\u00e9 p\u0159in\u00e1\u0161ej\u00ed barvy do chladn\u00fdch podzimn\u00edch a zimn\u00edch dn\u016f a dob\u0159e se kombinuj\u00ed s jin\u00fdmi pokojov\u00fdmi rostlinami.<\/p>\r\n\r\n\r\n\r\n<div class=\"wp-block-columns is-layout-flex wp-container-core-columns-is-layout-28f84493 wp-block-columns-is-layout-flex\">\r\n<div class=\"wp-block-column is-layout-flow wp-block-column-is-layout-flow\">\r\n<figure class=\"wp-block-image size-full\"><img decoding=\"async\" src=\"https:\/\/starsforeurope.com\/cz\/wp-content\/uploads\/sites\/20\/2024\/01\/asset-5-1.jpg\" alt=\"\" \/><\/figure>\r\n<\/div>\r\n\r\n\r\n\r\n<div class=\"wp-block-column is-layout-flow wp-block-column-is-layout-flow\">\r\n<figure class=\"wp-block-image size-full\"><img decoding=\"async\" src=\"https:\/\/starsforeurope.com\/cz\/wp-content\/uploads\/sites\/20\/2024\/01\/asset-3-1.jpg\" alt=\"\" \/><\/figure>\r\n<\/div>\r\n<\/div>\r\n\r\n\r\n\r\n<p>V tomto interi\u00e9ru s vysok\u00fdmi stropy vytv\u00e1\u0159ej\u00ed v\u00e1no\u010dn\u00ed r\u016f\u017ee r\u016fzn\u00fdch barev a velikost\u00ed \u00fatuln\u00fd pocit domova. Velk\u00e9, hust\u011b porostl\u00e9 rostliny dod\u00e1vaj\u00ed m\u00edstnosti p\u0159\u00edjemnou atmosf\u00e9ru.<\/p>\r\n\r\n\r\n\r\n<div class=\"wp-block-columns is-layout-flex wp-container-core-columns-is-layout-28f84493 wp-block-columns-is-layout-flex\">\r\n<div class=\"wp-block-column is-layout-flow wp-block-column-is-layout-flow\">\r\n<figure class=\"wp-block-image size-full\"><img decoding=\"async\" src=\"https:\/\/starsforeurope.com\/cz\/wp-content\/uploads\/sites\/20\/2024\/01\/asset-1-1.jpg\" alt=\"\" \/><\/figure>\r\n<\/div>\r\n\r\n\r\n\r\n<div class=\"wp-block-column is-layout-flow wp-block-column-is-layout-flow\">\r\n<p>Velk\u00fd p\u016flkruhov\u00fd kv\u011btin\u00e1\u010d uprost\u0159ed m\u00edstnosti s bohat\u011b os\u00e1zen\u00fdmi rostlinami je skv\u011blou dekorac\u00ed, kter\u00e1 upout\u00e1 pozornost na prvn\u00ed pohled. Toto modern\u00ed aran\u017em\u00e1 kombinuje \u010derven\u00e9 v\u00e1no\u010dn\u00ed hv\u011bzdy se slon\u00edm uchem (Alocasia zebrina), v\u011btvi\u010dkami okrasn\u00e9ho ch\u0159estu (Asparagus plumosus), barevn\u00fdmi listy beg\u00f3nie (Begonia rex &#8218;Indian Summer&#8216;), sta\u0159eckou b\u0159\u00edzou (Dischidia nummularia) a filodendronem &#8218;Prince of Orange&#8216;.<\/p>\r\n\r\n\r\n\r\n<p>V t\u00e9to \u017eiv\u00e9 n\u00e1st\u011bnn\u00e9 dekoraci (obr\u00e1zek vlevo) prom\u011b\u0148uj\u00ed v\u00e1no\u010dn\u00ed hv\u011bzdy a ozdobn\u00e9 zelen\u00e9 v\u011btve tyto vertik\u00e1ln\u00ed kv\u011btin\u00e1\u010de v \u017eiv\u00e9 um\u011bn\u00ed. <br \/><br \/>Tyto um\u011bleck\u00e9 kompozice se skl\u00e1daj\u00ed z jasn\u011b \u010derven\u00fdch v\u00e1no\u010dn\u00edch hv\u011bzd, fytoni\u00ed (Fittonia verschaffeltii), signoni\u00ed (Syngonium), tradescantia &#8211; tricolor (Tradescantia fluminensis tricolor), v\u011btvi\u010dek okrasn\u00e9ho ch\u0159estu (Asparagus densiflorus &#8218;Meyeri&#8216;), cukrov\u00e9 lilie (Parthenocissus striata) a hemionitov\u00e9 mukoly (Hemionitis arifolia).<\/p>\r\n<\/div>\r\n<\/div>\r\n\r\n\r\n\r\n<p>Tip: \u0158ezan\u00e9 v\u00e1no\u010dn\u00ed hv\u011bzdy vydr\u017e\u00ed a\u017e dva t\u00fddny, pokud ihned po \u0159ezu pono\u0159\u00edte konec stonku na n\u011bkolik sekund do hork\u00e9 vody (cca 60 \u00b0C), pot\u00e9 do studen\u00e9 vody, a nakonec vlo\u017e\u00edte \u0159ezanou kv\u011btinu do \u010derstv\u00e9 vody.<\/p>\r\n<\/div>\r\n<\/div>\r\n\r\n\r\n\r\n<div class=\"wp-block-columns is-layout-flex wp-container-core-columns-is-layout-28f84493 wp-block-columns-is-layout-flex\">\r\n<div class=\"wp-block-column is-layout-flow wp-block-column-is-layout-flow\">\r\n<h2 class=\"wp-block-heading\">Dokonal\u00e1 podzimn\u00ed dvojka: v\u00e1no\u010dn\u00ed hv\u011bzda a d\u00fdn\u011b<\/h2>\r\n\r\n\r\n\r\n<div class=\"wp-block-columns is-layout-flex wp-container-core-columns-is-layout-28f84493 wp-block-columns-is-layout-flex\">\r\n<div class=\"wp-block-column is-layout-flow wp-block-column-is-layout-flow\">\r\n<p>D\u00fdn\u011b jsou jedn\u00edm z nejobl\u00edben\u011bj\u0161\u00edch podzimn\u00edch dopl\u0148k\u016f. D\u00edky sv\u00fdm rozmanit\u00fdm barv\u00e1m, tvar\u016fm a velikostem se velmi dob\u0159e kombinuj\u00ed s v\u00e1no\u010dn\u00edmi hv\u011bzdami. Od konce \u0159\u00edjna najdete v\u00e1no\u010dn\u00ed hv\u011bzdy ve v\u0161ech zahradnick\u00fdch centrech a kv\u011btin\u00e1\u0159stv\u00edch.<\/p>\r\n\r\n\r\n\r\n<p>Nab\u00eddka je tradi\u010dn\u011b nej\u0161ir\u0161\u00ed od konce \u0159\u00edjna do druh\u00e9 poloviny listopadu. V\u00e1no\u010dn\u00ed hv\u011bzdy v barv\u00e1ch, jako je lososov\u00e1, sko\u0159icov\u00e1 nebo meru\u0148kov\u00e1, jsou ide\u00e1ln\u00ed pro podzimn\u00ed dekorace. <br \/><br \/>Ve spojen\u00ed s d\u00fdn\u011bmi vytvo\u0159\u00ed barevn\u00e1 z\u00e1kout\u00ed, kter\u00e1 vnesou do ka\u017ed\u00e9 m\u00edstnosti p\u0159\u00edjemnou atmosf\u00e9ru. Tyto rostliny nen\u00e1ro\u010dn\u00e9 na \u00fadr\u017ebu lze pou\u017e\u00edt i pro sv\u00e1te\u010dn\u00ed v\u00fdzdobu. <br \/><br \/>Pokud nap\u0159\u00edklad pl\u00e1nujete halloweensk\u00fd ve\u010d\u00edrek, vypad\u00e1 bohat\u011b kvetouc\u00ed v\u00e1no\u010dn\u00ed hv\u011bzda v tomto usm\u011bvav\u00e9m oran\u017eov\u00e9m kv\u011btin\u00e1\u010di fantasticky. <br \/><br \/>Jej\u00ed hust\u011b porostl\u00e9 zelen\u00e9 a barevn\u00e9 listy p\u0159ipom\u00ednaj\u00ed hustou h\u0159\u00edvu vlas\u016f!<\/p>\r\n<\/div>\r\n\r\n\r\n\r\n<div class=\"wp-block-column is-layout-flow wp-block-column-is-layout-flow\">\r\n<figure class=\"wp-block-image size-full\"><img decoding=\"async\" src=\"https:\/\/starsforeurope.com\/cz\/wp-content\/uploads\/sites\/20\/2024\/01\/2023_poinsettia_02000_Cottagecore_Charm_34.jpg\" alt=\"\" \/><\/figure>\r\n<\/div>\r\n<\/div>\r\n\r\n\r\n\r\n<div class=\"wp-block-columns is-layout-flex wp-container-core-columns-is-layout-28f84493 wp-block-columns-is-layout-flex\">\r\n<div class=\"wp-block-column is-layout-flow wp-block-column-is-layout-flow\">\u00a0<\/div>\r\n<\/div>\r\n<\/div>\r\n<\/div>\r\n\r\n<p>&nbsp;<\/p>","protected":false},"excerpt":{"rendered":"<p>Sv\u00fdmi tepl\u00fdmi t\u00f3ny poinsetti\u00ed o\u017eiv\u00ed ka\u017ed\u00fd interi\u00e9r a vytvo\u0159\u00ed veselou atmosf\u00e9ru v nudn\u00fdch podzimn\u00edch dnech. Objevte na\u0161e sez\u00f3nn\u00ed dekorace, kter\u00e9 za\u017eenou podzimn\u00ed blues<\/p>\n","protected":false},"featured_media":7172,"template":"two-column-press","press_cat":[58],"press_main":[125,132,127,53],"class_list":["post-5061","press","type-press","status-publish","has-post-thumbnail","hentry","press_cat-care","press_main-dekorace","press_main-dekorace-na-stul","press_main-podzimni-dekorace-zelene-bydleni","press_main-pressemitteilungen"],"acf":[],"_links":{"self":[{"href":"https:\/\/starsforeurope.com\/cz\/wp-json\/wp\/v2\/press\/5061","targetHints":{"allow":["GET"]}}],"collection":[{"href":"https:\/\/starsforeurope.com\/cz\/wp-json\/wp\/v2\/press"}],"about":[{"href":"https:\/\/starsforeurope.com\/cz\/wp-json\/wp\/v2\/types\/press"}],"version-history":[{"count":15,"href":"https:\/\/starsforeurope.com\/cz\/wp-json\/wp\/v2\/press\/5061\/revisions"}],"predecessor-version":[{"id":7506,"href":"https:\/\/starsforeurope.com\/cz\/wp-json\/wp\/v2\/press\/5061\/revisions\/7506"}],"wp:featuredmedia":[{"embeddable":true,"href":"https:\/\/starsforeurope.com\/cz\/wp-json\/wp\/v2\/media\/7172"}],"wp:attachment":[{"href":"https:\/\/starsforeurope.com\/cz\/wp-json\/wp\/v2\/media?parent=5061"}],"wp:term":[{"taxonomy":"press_cat","embeddable":true,"href":"https:\/\/starsforeurope.com\/cz\/wp-json\/wp\/v2\/press_cat?post=5061"},{"taxonomy":"press_main","embeddable":true,"href":"https:\/\/starsforeurope.com\/cz\/wp-json\/wp\/v2\/press_main?post=5061"}],"curies":[{"name":"wp","href":"https:\/\/api.w.org\/{rel}","templated":true}]}}