{"id":17,"count":1,"description":"","link":"https:\/\/starsforeurope.com\/cz\/blog_cat\/start-der-saison\/","name":"Za\u010d\u00e1tek sez\u00f3ny","slug":"start-der-saison","taxonomy":"blog_cat","parent":0,"meta":[],"acf":[],"_links":{"self":[{"href":"https:\/\/starsforeurope.com\/cz\/wp-json\/wp\/v2\/blog_cat\/17","targetHints":{"allow":["GET"]}}],"collection":[{"href":"https:\/\/starsforeurope.com\/cz\/wp-json\/wp\/v2\/blog_cat"}],"about":[{"href":"https:\/\/starsforeurope.com\/cz\/wp-json\/wp\/v2\/taxonomies\/blog_cat"}],"wp:post_type":[{"href":"https:\/\/starsforeurope.com\/cz\/wp-json\/wp\/v2\/blog?blog_cat=17"}],"curies":[{"name":"wp","href":"https:\/\/api.w.org\/{rel}","templated":true}]}}